{"id":5318,"date":"2024-12-26T10:30:19","date_gmt":"2024-12-26T09:30:19","guid":{"rendered":"http:\/\/lesnaturiales-salvagny.fr\/blog\/?p=5318"},"modified":"2024-12-26T10:30:19","modified_gmt":"2024-12-26T09:30:19","slug":"adieu-2024-accueillons-joyeusement-2025","status":"publish","type":"post","link":"https:\/\/lesnaturiales-salvagny.fr\/blog\/index.php\/2024\/12\/26\/adieu-2024-accueillons-joyeusement-2025\/","title":{"rendered":"Adieu 2024, accueillons joyeusement 2025"},"content":{"rendered":"\n<p>\u00a0<\/p>\n<p>Le P\u00e8re NO\u00cbL repart loin dans le ciel pour effacer tous les malheurs de<strong> 2024<\/strong> .<\/p>\n<p style=\"text-align: justify;\"><strong>Ensemble<\/strong>, faisons vibrer cette nouvelle ann\u00e9e <strong>2025.<\/strong>\u00a0Partages et \u00e9changes sont la devise de notre Association \u201cles Naturiales\u201d.<br \/>Je vous souhaite \u00e0 toutes et \u00e0 tous une excellente ann\u00e9e <strong>2025<\/strong>. Que cette nouvelle ann\u00e9e nous apporte de grands bonheurs !<\/p>\n<p style=\"text-align: justify;\"><strong>2024<\/strong> fut une ann\u00e9e riche en activit\u00e9s et d\u00e9couvertes\u00a0au sein des \u00abNATURIALES \u00bb.<br \/>La venue efficace de nouveaux b\u00e9n\u00e9voles, la d\u00e9couverte de nouvelles associations voisines nous ont permis\u00a0 de cr\u00e9er de nouveaux liens avec des id\u00e9es nouvelles.<\/p>\n<p style=\"text-align: justify;\">C\u2019est gr\u00e2ce \u00e0 vous toutes et tous que nous avons pu maintenir le cap et nous r\u00e9inventer en cr\u00e9ant davantage de moments conviviaux tout au long de l&rsquo;ann\u00e9e: s\u00e9ances de cin\u00e9ma, visites de jardins insolites, ateliers de couture ou de jardinage, troc-truc, le voyage de Juin, sans oublier les \u00ab\u00a0Couleurs d&rsquo;automne\u00a0\u00bb du 06 octobre.<br \/>Celles-ci ont rassembl\u00e9 enfants, \u00e9coliers, familles et visiteurs\u00a0 autour d&rsquo;une belle enfilade de v\u00e9los d\u00e9cor\u00e9s, d&rsquo;une exposition florale, d&rsquo;un march\u00e9 d&rsquo;exposants locaux, de cr\u00e9ations d&rsquo;associations, d&rsquo;ateliers\u00a0 pr\u00f4nant la biodiversit\u00e9.<\/p>\n<p style=\"text-align: justify;\">Merci \u00e0 toutes les petites mains qui ont \u0153uvr\u00e9 avant et apr\u00e8s le Jour J. Solidarit\u00e9, bienveillance et pugnacit\u00e9 sont notre force dans cette association.<br \/>Je tiens \u00e0 vous remercier du fond du c\u0153ur pour l\u2019engagement sans faille que vous portez \u00e0 notre belle association. Sans vous rien ne serait possible, alors un grand MERCI \u00e0 toutes et \u00e0 tous !<\/p>\n<p style=\"text-align: justify;\">J\u2019esp\u00e8re vous retrouver pour une nouvelle aventure afin de partager encore ces moments de convivialit\u00e9.<br \/>Je vous propose de\u00a0 d\u00e9couvrir <strong>l&rsquo;AGENDA 2025<\/strong> d\u00e9j\u00e0 bien rempli\u00a0lors de notre Assembl\u00e9e G\u00e9n\u00e9rale du <strong>28 JANVIER 2025 \u00e0 partir de 18h \u00e0 la Maison de la TOUR.\u00a0 <\/strong>Celle-ci sera suivie d\u2019un repas. (Inscrivez-vous !)<\/p>\n<p>Prenez bien soin de vous et de vos proches.<br \/>A tr\u00e8s bient\u00f4t.<br \/>Gis\u00e8le COLLIN<\/p>\n","protected":false},"excerpt":{"rendered":"<p>\u00a0 Le P\u00e8re NO\u00cbL repart loin dans le ciel pour effacer tous les malheurs de 2024 . Ensemble, faisons vibrer cette nouvelle ann\u00e9e 2025.\u00a0Partages et \u00e9changes sont la devise de notre Association \u201cles Naturiales\u201d.Je vous souhaite \u00e0 toutes et \u00e0&hellip; <br \/><a class=\"read-more-button\" href=\"https:\/\/lesnaturiales-salvagny.fr\/blog\/index.php\/2024\/12\/26\/adieu-2024-accueillons-joyeusement-2025\/\">Savoir plus<\/a><\/p>\n","protected":false},"author":1,"featured_media":0,"comment_status":"open","ping_status":"open","sticky":false,"template":"","format":"standard","meta":[],"categories":[4],"tags":[],"_links":{"self":[{"href":"https:\/\/lesnaturiales-salvagny.fr\/blog\/index.php\/wp-json\/wp\/v2\/posts\/5318"}],"collection":[{"href":"https:\/\/lesnaturiales-salvagny.fr\/blog\/index.php\/wp-json\/wp\/v2\/posts"}],"about":[{"href":"https:\/\/lesnaturiales-salvagny.fr\/blog\/index.php\/wp-json\/wp\/v2\/types\/post"}],"author":[{"embeddable":true,"href":"https:\/\/lesnaturiales-salvagny.fr\/blog\/index.php\/wp-json\/wp\/v2\/users\/1"}],"replies":[{"embeddable":true,"href":"https:\/\/lesnaturiales-salvagny.fr\/blog\/index.php\/wp-json\/wp\/v2\/comments?post=5318"}],"version-history":[{"count":4,"href":"https:\/\/lesnaturiales-salvagny.fr\/blog\/index.php\/wp-json\/wp\/v2\/posts\/5318\/revisions"}],"predecessor-version":[{"id":5323,"href":"https:\/\/lesnaturiales-salvagny.fr\/blog\/index.php\/wp-json\/wp\/v2\/posts\/5318\/revisions\/5323"}],"wp:attachment":[{"href":"https:\/\/lesnaturiales-salvagny.fr\/blog\/index.php\/wp-json\/wp\/v2\/media?parent=5318"}],"wp:term":[{"taxonomy":"category","embeddable":true,"href":"https:\/\/lesnaturiales-salvagny.fr\/blog\/index.php\/wp-json\/wp\/v2\/categories?post=5318"},{"taxonomy":"post_tag","embeddable":true,"href":"https:\/\/lesnaturiales-salvagny.fr\/blog\/index.php\/wp-json\/wp\/v2\/tags?post=5318"}],"curies":[{"name":"wp","href":"https:\/\/api.w.org\/{rel}","templated":true}]}}