{"id":5298,"date":"2024-12-19T08:41:45","date_gmt":"2024-12-19T07:41:45","guid":{"rendered":"http:\/\/lesnaturiales-salvagny.fr\/blog\/?p=5298"},"modified":"2024-12-19T08:41:45","modified_gmt":"2024-12-19T07:41:45","slug":"les-lutins","status":"publish","type":"post","link":"https:\/\/lesnaturiales-salvagny.fr\/blog\/index.php\/2024\/12\/19\/les-lutins\/","title":{"rendered":"LES LUTINS"},"content":{"rendered":"\n<p>Les lutins ont envahi le jardin An Mil et tout le village.<\/p>\n<p style=\"text-align: justify;\">La l\u00e9gende raconte que les<strong>&nbsp;<\/strong>lutins de No\u00ebl, apr\u00e8s avoir travaill\u00e9 toute l\u2019ann\u00e9e \u00e0 l\u2019usine du P\u00e8re No\u00ebl pour fabriquer les cadeaux, visitent les maisons pour faire toutes sortes de farces et b\u00eatises<strong>&nbsp;<\/strong>une fois la nuit tomb\u00e9e.<br>Vous \u00eates-vous d\u00e9j\u00e0 demand\u00e9 comment fait le P\u00e8re No\u00ebl pour savoir quels sont les enfants qui ont \u00e9t\u00e9 sages ? C&rsquo;est gr\u00e2ce \u00e0 ces lutins, bien s\u00fbr ! Certains lutins poss\u00e8dent des aptitudes particuli\u00e8res et sont s\u00e9lectionn\u00e9s pour entrer \u00e0 l\u2019Acad\u00e9mie des Lutins. Dans cette \u00e9cole extraordinaire, ils apprennent tout ce qu\u2019un lutin doit savoir pour travailler au sein de l\u2019\u00e9quipe du p\u00e8re No\u00ebl.<\/p>\n\n\n\n<figure class=\"wp-block-gallery columns-3 is-cropped\"><ul class=\"blocks-gallery-grid\"><li class=\"blocks-gallery-item\"><figure><a href=\"http:\/\/lesnaturiales-salvagny.fr\/blog\/wp-content\/uploads\/2024\/12\/IMG_3296-1.jpg\"><img loading=\"lazy\" width=\"907\" height=\"877\" src=\"http:\/\/lesnaturiales-salvagny.fr\/blog\/wp-content\/uploads\/2024\/12\/IMG_3296-1.jpg\" alt=\"\" data-id=\"5290\" data-full-url=\"http:\/\/lesnaturiales-salvagny.fr\/blog\/wp-content\/uploads\/2024\/12\/IMG_3296-1.jpg\" data-link=\"http:\/\/lesnaturiales-salvagny.fr\/blog\/img_3296-1\/\" class=\"wp-image-5290\" srcset=\"https:\/\/lesnaturiales-salvagny.fr\/blog\/wp-content\/uploads\/2024\/12\/IMG_3296-1.jpg 907w, https:\/\/lesnaturiales-salvagny.fr\/blog\/wp-content\/uploads\/2024\/12\/IMG_3296-1-300x290.jpg 300w, https:\/\/lesnaturiales-salvagny.fr\/blog\/wp-content\/uploads\/2024\/12\/IMG_3296-1-768x743.jpg 768w\" sizes=\"(max-width: 907px) 100vw, 907px\" \/><\/a><\/figure><\/li><li class=\"blocks-gallery-item\"><figure><a href=\"http:\/\/lesnaturiales-salvagny.fr\/blog\/wp-content\/uploads\/2024\/12\/IMG_3298-1.jpg\"><img loading=\"lazy\" width=\"643\" height=\"409\" src=\"http:\/\/lesnaturiales-salvagny.fr\/blog\/wp-content\/uploads\/2024\/12\/IMG_3298-1.jpg\" alt=\"\" data-id=\"5292\" data-full-url=\"http:\/\/lesnaturiales-salvagny.fr\/blog\/wp-content\/uploads\/2024\/12\/IMG_3298-1.jpg\" data-link=\"http:\/\/lesnaturiales-salvagny.fr\/blog\/img_3298-1\/\" class=\"wp-image-5292\" srcset=\"https:\/\/lesnaturiales-salvagny.fr\/blog\/wp-content\/uploads\/2024\/12\/IMG_3298-1.jpg 643w, https:\/\/lesnaturiales-salvagny.fr\/blog\/wp-content\/uploads\/2024\/12\/IMG_3298-1-300x191.jpg 300w\" sizes=\"(max-width: 643px) 100vw, 643px\" \/><\/a><\/figure><\/li><li class=\"blocks-gallery-item\"><figure><a href=\"http:\/\/lesnaturiales-salvagny.fr\/blog\/wp-content\/uploads\/2024\/12\/3299-1.jpg\"><img loading=\"lazy\" width=\"750\" height=\"660\" src=\"http:\/\/lesnaturiales-salvagny.fr\/blog\/wp-content\/uploads\/2024\/12\/3299-1.jpg\" alt=\"\" data-id=\"5301\" data-full-url=\"http:\/\/lesnaturiales-salvagny.fr\/blog\/wp-content\/uploads\/2024\/12\/3299-1.jpg\" data-link=\"http:\/\/lesnaturiales-salvagny.fr\/blog\/3299-1\/\" class=\"wp-image-5301\" srcset=\"https:\/\/lesnaturiales-salvagny.fr\/blog\/wp-content\/uploads\/2024\/12\/3299-1.jpg 750w, https:\/\/lesnaturiales-salvagny.fr\/blog\/wp-content\/uploads\/2024\/12\/3299-1-300x264.jpg 300w\" sizes=\"(max-width: 750px) 100vw, 750px\" \/><\/a><\/figure><\/li><\/ul><\/figure>\n\n\n\n<p style=\"margin: 0cm; margin-bottom: .0001pt; text-align: justify;\">Ainsi, d\u00e8s le 1<sup>er<\/sup> d\u00e9cembre, les lutins issus de l\u2019Acad\u00e9mie sont envoy\u00e9s dans tous les foyers o\u00f9 il y a des enfants. Ils se voient confier une grande mission : tenir le P\u00e8re No\u00ebl inform\u00e9 de la conduite des enfants. Bien que les lutins soient immobiles le jour, ils voient tout, m\u00eame si vous ne les voyez pas.<\/p>\n<p style=\"margin: 0cm; margin-bottom: .0001pt; text-align: justify;\">Chaque nuit, lorsque tout le monde dort dans la maison, les lutins s\u2019animent et prennent la route du p\u00f4le Nord pour faire part au P\u00e8re No\u00ebl de leurs observations de la journ\u00e9e. \u00c0 leur retour, et avant que la maisonn\u00e9e ne s\u2019\u00e9veille, ils aiment jouer de petits tours. Il n\u2019est pas rare que les enfants trouvent \u00e0 leur r\u00e9veil un biscuit \u00e0 moiti\u00e9 grignot\u00e9 ou encore les lacets de leurs souliers attach\u00e9s ensemble !<\/p>\n<p>&nbsp;<\/p>\n\n\n\n<figure class=\"wp-block-gallery columns-3 is-cropped\"><ul class=\"blocks-gallery-grid\"><li class=\"blocks-gallery-item\"><figure><a href=\"http:\/\/lesnaturiales-salvagny.fr\/blog\/wp-content\/uploads\/2024\/12\/20241202_145332-scaled.jpg\"><img loading=\"lazy\" width=\"768\" height=\"1024\" src=\"http:\/\/lesnaturiales-salvagny.fr\/blog\/wp-content\/uploads\/2024\/12\/20241202_145332-768x1024.jpg\" alt=\"\" data-id=\"5295\" data-full-url=\"http:\/\/lesnaturiales-salvagny.fr\/blog\/wp-content\/uploads\/2024\/12\/20241202_145332-scaled.jpg\" data-link=\"http:\/\/lesnaturiales-salvagny.fr\/blog\/20241202_145332\/\" class=\"wp-image-5295\" srcset=\"https:\/\/lesnaturiales-salvagny.fr\/blog\/wp-content\/uploads\/2024\/12\/20241202_145332-768x1024.jpg 768w, https:\/\/lesnaturiales-salvagny.fr\/blog\/wp-content\/uploads\/2024\/12\/20241202_145332-225x300.jpg 225w, https:\/\/lesnaturiales-salvagny.fr\/blog\/wp-content\/uploads\/2024\/12\/20241202_145332-1152x1536.jpg 1152w, https:\/\/lesnaturiales-salvagny.fr\/blog\/wp-content\/uploads\/2024\/12\/20241202_145332-1536x2048.jpg 1536w, https:\/\/lesnaturiales-salvagny.fr\/blog\/wp-content\/uploads\/2024\/12\/20241202_145332-1170x1560.jpg 1170w, https:\/\/lesnaturiales-salvagny.fr\/blog\/wp-content\/uploads\/2024\/12\/20241202_145332-scaled.jpg 1920w\" sizes=\"(max-width: 768px) 100vw, 768px\" \/><\/a><\/figure><\/li><li class=\"blocks-gallery-item\"><figure><a href=\"http:\/\/lesnaturiales-salvagny.fr\/blog\/wp-content\/uploads\/2024\/12\/IMG_3329.-2JPG.jpg\"><img loading=\"lazy\" width=\"766\" height=\"898\" src=\"http:\/\/lesnaturiales-salvagny.fr\/blog\/wp-content\/uploads\/2024\/12\/IMG_3329.-2JPG.jpg\" alt=\"\" data-id=\"5297\" data-full-url=\"http:\/\/lesnaturiales-salvagny.fr\/blog\/wp-content\/uploads\/2024\/12\/IMG_3329.-2JPG.jpg\" data-link=\"http:\/\/lesnaturiales-salvagny.fr\/blog\/img_3329-2jpg\/\" class=\"wp-image-5297\" srcset=\"https:\/\/lesnaturiales-salvagny.fr\/blog\/wp-content\/uploads\/2024\/12\/IMG_3329.-2JPG.jpg 766w, https:\/\/lesnaturiales-salvagny.fr\/blog\/wp-content\/uploads\/2024\/12\/IMG_3329.-2JPG-256x300.jpg 256w\" sizes=\"(max-width: 766px) 100vw, 766px\" \/><\/a><\/figure><\/li><li class=\"blocks-gallery-item\"><figure><a href=\"http:\/\/lesnaturiales-salvagny.fr\/blog\/wp-content\/uploads\/2024\/12\/20241202_152040-scaled.jpg\"><img loading=\"lazy\" width=\"768\" height=\"1024\" src=\"http:\/\/lesnaturiales-salvagny.fr\/blog\/wp-content\/uploads\/2024\/12\/20241202_152040-768x1024.jpg\" alt=\"\" data-id=\"5296\" data-full-url=\"http:\/\/lesnaturiales-salvagny.fr\/blog\/wp-content\/uploads\/2024\/12\/20241202_152040-scaled.jpg\" data-link=\"http:\/\/lesnaturiales-salvagny.fr\/blog\/20241202_152040\/\" class=\"wp-image-5296\" srcset=\"https:\/\/lesnaturiales-salvagny.fr\/blog\/wp-content\/uploads\/2024\/12\/20241202_152040-768x1024.jpg 768w, https:\/\/lesnaturiales-salvagny.fr\/blog\/wp-content\/uploads\/2024\/12\/20241202_152040-225x300.jpg 225w, https:\/\/lesnaturiales-salvagny.fr\/blog\/wp-content\/uploads\/2024\/12\/20241202_152040-1152x1536.jpg 1152w, https:\/\/lesnaturiales-salvagny.fr\/blog\/wp-content\/uploads\/2024\/12\/20241202_152040-1536x2048.jpg 1536w, https:\/\/lesnaturiales-salvagny.fr\/blog\/wp-content\/uploads\/2024\/12\/20241202_152040-1170x1560.jpg 1170w, https:\/\/lesnaturiales-salvagny.fr\/blog\/wp-content\/uploads\/2024\/12\/20241202_152040-scaled.jpg 1920w\" sizes=\"(max-width: 768px) 100vw, 768px\" \/><\/a><\/figure><\/li><\/ul><\/figure>\n\n\n\n<p style=\"margin: 0cm; margin-bottom: .0001pt; text-align: justify;\">La nuit du 24 d\u00e9cembre, Roland le renne volant rassemble tous les lutins afin qu\u2019ils aident le P\u00e8re No\u00ebl pour la distribution des cadeaux. Apr\u00e8s la grande nuit, ils demeurent au p\u00f4le Nord, jusqu\u2019\u00e0 leur retour dans les maisons l\u2019ann\u00e9e suivante.<\/p>\n","protected":false},"excerpt":{"rendered":"<p>Les lutins ont envahi le jardin An Mil et tout le village. La l\u00e9gende raconte que les&nbsp;lutins de No\u00ebl, apr\u00e8s avoir travaill\u00e9 toute l\u2019ann\u00e9e \u00e0 l\u2019usine du P\u00e8re No\u00ebl pour fabriquer les cadeaux, visitent les maisons pour faire toutes sortes&hellip; <br \/><a class=\"read-more-button\" href=\"https:\/\/lesnaturiales-salvagny.fr\/blog\/index.php\/2024\/12\/19\/les-lutins\/\">Savoir plus<\/a><\/p>\n","protected":false},"author":1,"featured_media":0,"comment_status":"open","ping_status":"open","sticky":false,"template":"","format":"standard","meta":[],"categories":[18],"tags":[],"_links":{"self":[{"href":"https:\/\/lesnaturiales-salvagny.fr\/blog\/index.php\/wp-json\/wp\/v2\/posts\/5298"}],"collection":[{"href":"https:\/\/lesnaturiales-salvagny.fr\/blog\/index.php\/wp-json\/wp\/v2\/posts"}],"about":[{"href":"https:\/\/lesnaturiales-salvagny.fr\/blog\/index.php\/wp-json\/wp\/v2\/types\/post"}],"author":[{"embeddable":true,"href":"https:\/\/lesnaturiales-salvagny.fr\/blog\/index.php\/wp-json\/wp\/v2\/users\/1"}],"replies":[{"embeddable":true,"href":"https:\/\/lesnaturiales-salvagny.fr\/blog\/index.php\/wp-json\/wp\/v2\/comments?post=5298"}],"version-history":[{"count":11,"href":"https:\/\/lesnaturiales-salvagny.fr\/blog\/index.php\/wp-json\/wp\/v2\/posts\/5298\/revisions"}],"predecessor-version":[{"id":5313,"href":"https:\/\/lesnaturiales-salvagny.fr\/blog\/index.php\/wp-json\/wp\/v2\/posts\/5298\/revisions\/5313"}],"wp:attachment":[{"href":"https:\/\/lesnaturiales-salvagny.fr\/blog\/index.php\/wp-json\/wp\/v2\/media?parent=5298"}],"wp:term":[{"taxonomy":"category","embeddable":true,"href":"https:\/\/lesnaturiales-salvagny.fr\/blog\/index.php\/wp-json\/wp\/v2\/categories?post=5298"},{"taxonomy":"post_tag","embeddable":true,"href":"https:\/\/lesnaturiales-salvagny.fr\/blog\/index.php\/wp-json\/wp\/v2\/tags?post=5298"}],"curies":[{"name":"wp","href":"https:\/\/api.w.org\/{rel}","templated":true}]}}