{"id":4980,"date":"2024-10-10T09:16:54","date_gmt":"2024-10-10T08:16:54","guid":{"rendered":"http:\/\/lesnaturiales-salvagny.fr\/blog\/?p=4980"},"modified":"2024-10-10T09:16:54","modified_gmt":"2024-10-10T08:16:54","slug":"les-naturiales-dautomne-2024","status":"publish","type":"post","link":"https:\/\/lesnaturiales-salvagny.fr\/blog\/index.php\/2024\/10\/10\/les-naturiales-dautomne-2024\/","title":{"rendered":"Les Naturiales d&rsquo;Automne 2024"},"content":{"rendered":"\n<p style=\"text-align: justify;\"><strong>Une f\u00eate bien r\u00e9ussie ! Une m\u00e9t\u00e9o cl\u00e9mente ! Une belle \u00e9dition des Naturiales d&rsquo;Automne !<br>Le 06 octobre : le Parc de l&rsquo;Hippodrome&nbsp; de la Tour de Salvagny s\u2019est par\u00e9 de d\u00e9cors aux \u00ab\u00a0couleurs d&rsquo;automne\u00a0\u00bb.<\/strong><\/p>\n<p style=\"text-align: justify;\">&nbsp;36&nbsp; v\u00e9los&nbsp; et trottinettes&nbsp; d&rsquo; enfants de nos \u00e9coles ont particip\u00e9 au concours de v\u00e9los fleuris.&nbsp; Apr\u00e8s d\u00e9lib\u00e9ration, un jury de b\u00e9n\u00e9voles &nbsp;a d\u00e9livr\u00e9 un bon cadeau&nbsp; \u00ab\u00a0Mondov\u00e9lo de Civrieux\u00a0\u00bb aux 5 premiers gagnants. Tous les participants ont re\u00e7u des cadeaux et la m\u00e9daille des jeux olympiques .<\/p>\n\n\n\n<figure class=\"wp-block-gallery columns-2 is-cropped\"><ul class=\"blocks-gallery-grid\"><li class=\"blocks-gallery-item\"><figure><a href=\"http:\/\/lesnaturiales-salvagny.fr\/blog\/wp-content\/uploads\/2024\/10\/Velo-1.jpg\"><img loading=\"lazy\" width=\"1024\" height=\"576\" src=\"http:\/\/lesnaturiales-salvagny.fr\/blog\/wp-content\/uploads\/2024\/10\/Velo-1-1024x576.jpg\" alt=\"\" data-id=\"4967\" data-full-url=\"http:\/\/lesnaturiales-salvagny.fr\/blog\/wp-content\/uploads\/2024\/10\/Velo-1.jpg\" data-link=\"http:\/\/lesnaturiales-salvagny.fr\/blog\/velo-1\/\" class=\"wp-image-4967\" srcset=\"https:\/\/lesnaturiales-salvagny.fr\/blog\/wp-content\/uploads\/2024\/10\/Velo-1-1024x576.jpg 1024w, https:\/\/lesnaturiales-salvagny.fr\/blog\/wp-content\/uploads\/2024\/10\/Velo-1-300x169.jpg 300w, https:\/\/lesnaturiales-salvagny.fr\/blog\/wp-content\/uploads\/2024\/10\/Velo-1-768x432.jpg 768w, https:\/\/lesnaturiales-salvagny.fr\/blog\/wp-content\/uploads\/2024\/10\/Velo-1-1536x864.jpg 1536w, https:\/\/lesnaturiales-salvagny.fr\/blog\/wp-content\/uploads\/2024\/10\/Velo-1-1170x658.jpg 1170w, https:\/\/lesnaturiales-salvagny.fr\/blog\/wp-content\/uploads\/2024\/10\/Velo-1.jpg 1920w\" sizes=\"(max-width: 1024px) 100vw, 1024px\" \/><\/a><\/figure><\/li><li class=\"blocks-gallery-item\"><figure><a href=\"http:\/\/lesnaturiales-salvagny.fr\/blog\/wp-content\/uploads\/2024\/10\/Velo.jpg\"><img loading=\"lazy\" width=\"1024\" height=\"576\" src=\"http:\/\/lesnaturiales-salvagny.fr\/blog\/wp-content\/uploads\/2024\/10\/Velo-1024x576.jpg\" alt=\"\" data-id=\"4968\" data-full-url=\"http:\/\/lesnaturiales-salvagny.fr\/blog\/wp-content\/uploads\/2024\/10\/Velo.jpg\" data-link=\"http:\/\/lesnaturiales-salvagny.fr\/blog\/velo\/\" class=\"wp-image-4968\" srcset=\"https:\/\/lesnaturiales-salvagny.fr\/blog\/wp-content\/uploads\/2024\/10\/Velo-1024x576.jpg 1024w, https:\/\/lesnaturiales-salvagny.fr\/blog\/wp-content\/uploads\/2024\/10\/Velo-300x169.jpg 300w, https:\/\/lesnaturiales-salvagny.fr\/blog\/wp-content\/uploads\/2024\/10\/Velo-768x432.jpg 768w, https:\/\/lesnaturiales-salvagny.fr\/blog\/wp-content\/uploads\/2024\/10\/Velo-1536x864.jpg 1536w, https:\/\/lesnaturiales-salvagny.fr\/blog\/wp-content\/uploads\/2024\/10\/Velo-1170x658.jpg 1170w, https:\/\/lesnaturiales-salvagny.fr\/blog\/wp-content\/uploads\/2024\/10\/Velo.jpg 1920w\" sizes=\"(max-width: 1024px) 100vw, 1024px\" \/><\/a><\/figure><\/li><\/ul><\/figure>\n\n\n\n<p style=\"text-align: justify;\">Une autre belle animation &nbsp;: le Quiz qui a sollicit\u00e9 enfants et parents pour r\u00e9pondre \u00e0 10 questions sur le th\u00e8me de l\u2019automne. Tous sont repartis avec un petit galet joliment d\u00e9cor\u00e9 par&nbsp;Ir\u00e8ne et Yvonne. La promenade continue avec le \u00ab\u00a0Jeu de l&rsquo;Oie Tourellois\u00a0\u00bb&nbsp; qui permit&nbsp; \u00e0 de nombreux visiteurs de reconna\u00eetre leur village et de recevoir un lot gagnant.<\/p>\n\n\n\n<figure class=\"wp-block-gallery columns-1 is-cropped\"><ul class=\"blocks-gallery-grid\"><li class=\"blocks-gallery-item\"><figure><img loading=\"lazy\" width=\"1024\" height=\"576\" src=\"http:\/\/lesnaturiales-salvagny.fr\/blog\/wp-content\/uploads\/2024\/10\/Quizz-1024x576.jpg\" alt=\"\" data-id=\"4969\" data-full-url=\"http:\/\/lesnaturiales-salvagny.fr\/blog\/wp-content\/uploads\/2024\/10\/Quizz.jpg\" data-link=\"http:\/\/lesnaturiales-salvagny.fr\/blog\/quizz\/\" class=\"wp-image-4969\" srcset=\"https:\/\/lesnaturiales-salvagny.fr\/blog\/wp-content\/uploads\/2024\/10\/Quizz-1024x576.jpg 1024w, https:\/\/lesnaturiales-salvagny.fr\/blog\/wp-content\/uploads\/2024\/10\/Quizz-300x169.jpg 300w, https:\/\/lesnaturiales-salvagny.fr\/blog\/wp-content\/uploads\/2024\/10\/Quizz-768x432.jpg 768w, https:\/\/lesnaturiales-salvagny.fr\/blog\/wp-content\/uploads\/2024\/10\/Quizz-1536x864.jpg 1536w, https:\/\/lesnaturiales-salvagny.fr\/blog\/wp-content\/uploads\/2024\/10\/Quizz-1170x658.jpg 1170w, https:\/\/lesnaturiales-salvagny.fr\/blog\/wp-content\/uploads\/2024\/10\/Quizz.jpg 1920w\" sizes=\"(max-width: 1024px) 100vw, 1024px\" \/><\/figure><\/li><\/ul><\/figure>\n\n\n\n<p style=\"text-align: justify;\">Au stand&nbsp;\u00ab\u00a0rempotage\u00a0\u00bb nos b\u00e9n\u00e9voles&nbsp; jardini\u00e8res ont profit\u00e9 de d\u00e9licieux moments avec des enfants heureux de mettre les mains dans la terre et de rapporter chez eux leurs \u00ab\u00a0plantations\u00a0\u00bb.<br>&nbsp;Et quelles merveilles ces jardins \u00e9ph\u00e9m\u00e8res&nbsp;: celui de nos \u00e9l\u00e8ves et celui du Land-Art&nbsp;!&nbsp; Merci \u00e0 nos maitresses .&nbsp;<\/p>\n\n\n\n<figure class=\"wp-block-gallery columns-2 is-cropped\"><ul class=\"blocks-gallery-grid\"><li class=\"blocks-gallery-item\"><figure><a href=\"http:\/\/lesnaturiales-salvagny.fr\/blog\/wp-content\/uploads\/2024\/10\/Atelier.jpg\"><img loading=\"lazy\" width=\"1024\" height=\"576\" src=\"http:\/\/lesnaturiales-salvagny.fr\/blog\/wp-content\/uploads\/2024\/10\/Atelier-1024x576.jpg\" alt=\"\" data-id=\"4971\" data-full-url=\"http:\/\/lesnaturiales-salvagny.fr\/blog\/wp-content\/uploads\/2024\/10\/Atelier.jpg\" data-link=\"http:\/\/lesnaturiales-salvagny.fr\/blog\/atelier\/\" class=\"wp-image-4971\" srcset=\"https:\/\/lesnaturiales-salvagny.fr\/blog\/wp-content\/uploads\/2024\/10\/Atelier-1024x576.jpg 1024w, https:\/\/lesnaturiales-salvagny.fr\/blog\/wp-content\/uploads\/2024\/10\/Atelier-300x169.jpg 300w, https:\/\/lesnaturiales-salvagny.fr\/blog\/wp-content\/uploads\/2024\/10\/Atelier-768x432.jpg 768w, https:\/\/lesnaturiales-salvagny.fr\/blog\/wp-content\/uploads\/2024\/10\/Atelier-1536x864.jpg 1536w, https:\/\/lesnaturiales-salvagny.fr\/blog\/wp-content\/uploads\/2024\/10\/Atelier-1170x658.jpg 1170w, https:\/\/lesnaturiales-salvagny.fr\/blog\/wp-content\/uploads\/2024\/10\/Atelier.jpg 1920w\" sizes=\"(max-width: 1024px) 100vw, 1024px\" \/><\/a><\/figure><\/li><li class=\"blocks-gallery-item\"><figure><a href=\"http:\/\/lesnaturiales-salvagny.fr\/blog\/wp-content\/uploads\/2024\/10\/Ecole.jpg\"><img loading=\"lazy\" width=\"1024\" height=\"576\" src=\"http:\/\/lesnaturiales-salvagny.fr\/blog\/wp-content\/uploads\/2024\/10\/Ecole-1024x576.jpg\" alt=\"\" data-id=\"4972\" data-full-url=\"http:\/\/lesnaturiales-salvagny.fr\/blog\/wp-content\/uploads\/2024\/10\/Ecole.jpg\" data-link=\"http:\/\/lesnaturiales-salvagny.fr\/blog\/ecole\/\" class=\"wp-image-4972\" srcset=\"https:\/\/lesnaturiales-salvagny.fr\/blog\/wp-content\/uploads\/2024\/10\/Ecole-1024x576.jpg 1024w, https:\/\/lesnaturiales-salvagny.fr\/blog\/wp-content\/uploads\/2024\/10\/Ecole-300x169.jpg 300w, https:\/\/lesnaturiales-salvagny.fr\/blog\/wp-content\/uploads\/2024\/10\/Ecole-768x432.jpg 768w, https:\/\/lesnaturiales-salvagny.fr\/blog\/wp-content\/uploads\/2024\/10\/Ecole-1536x864.jpg 1536w, https:\/\/lesnaturiales-salvagny.fr\/blog\/wp-content\/uploads\/2024\/10\/Ecole-1170x658.jpg 1170w, https:\/\/lesnaturiales-salvagny.fr\/blog\/wp-content\/uploads\/2024\/10\/Ecole.jpg 1920w\" sizes=\"(max-width: 1024px) 100vw, 1024px\" \/><\/a><\/figure><\/li><\/ul><\/figure>\n\n\n\n<p style=\"text-align: justify;\">Point fort des animations : l&rsquo;exposition florale. Dans la salle du pesage, le groupe b\u00e9n\u00e9voles a mis en place un joli d\u00e9cor sobre permettant de recevoir les compositions de nos fleuristes. <br>Nous avons d\u00e9couvert le professionnalisme, le savoir-faire, la dext\u00e9rit\u00e9 de nos fleuristes. Le jury compos\u00e9 de 3 personnes (Ir\u00e8ne Rolland ex-pr\u00e9sidente de l&rsquo;art floral du Rh\u00f4ne, du nouveau pr\u00e9sident Emmanuel Dart et de Claire Enury de Grenoble) a d\u00e9voil\u00e9 vers 16h les 3 premiers prix : La Tour Fleurie 1er prix\/- Carr\u00e9 Fleur 2\u00e8me prix \/- Juliette Gabert 3\u00e8me prix .<\/p>\n\n\n\n<figure class=\"wp-block-gallery columns-3 is-cropped\"><ul class=\"blocks-gallery-grid\"><li class=\"blocks-gallery-item\"><figure><a href=\"http:\/\/lesnaturiales-salvagny.fr\/blog\/wp-content\/uploads\/2024\/10\/1-Tour-Fleurie.jpg\"><img loading=\"lazy\" width=\"485\" height=\"645\" src=\"http:\/\/lesnaturiales-salvagny.fr\/blog\/wp-content\/uploads\/2024\/10\/1-Tour-Fleurie.jpg\" alt=\"\" data-id=\"4974\" data-full-url=\"http:\/\/lesnaturiales-salvagny.fr\/blog\/wp-content\/uploads\/2024\/10\/1-Tour-Fleurie.jpg\" data-link=\"http:\/\/lesnaturiales-salvagny.fr\/blog\/1-tour-fleurie\/\" class=\"wp-image-4974\" srcset=\"https:\/\/lesnaturiales-salvagny.fr\/blog\/wp-content\/uploads\/2024\/10\/1-Tour-Fleurie.jpg 485w, https:\/\/lesnaturiales-salvagny.fr\/blog\/wp-content\/uploads\/2024\/10\/1-Tour-Fleurie-226x300.jpg 226w\" sizes=\"(max-width: 485px) 100vw, 485px\" \/><\/a><\/figure><\/li><li class=\"blocks-gallery-item\"><figure><a href=\"http:\/\/lesnaturiales-salvagny.fr\/blog\/wp-content\/uploads\/2024\/10\/2-Carre-Fleurs.jpg\"><img loading=\"lazy\" width=\"487\" height=\"619\" src=\"http:\/\/lesnaturiales-salvagny.fr\/blog\/wp-content\/uploads\/2024\/10\/2-Carre-Fleurs.jpg\" alt=\"\" data-id=\"4976\" data-full-url=\"http:\/\/lesnaturiales-salvagny.fr\/blog\/wp-content\/uploads\/2024\/10\/2-Carre-Fleurs.jpg\" data-link=\"http:\/\/lesnaturiales-salvagny.fr\/blog\/2-carre-fleurs\/\" class=\"wp-image-4976\" srcset=\"https:\/\/lesnaturiales-salvagny.fr\/blog\/wp-content\/uploads\/2024\/10\/2-Carre-Fleurs.jpg 487w, https:\/\/lesnaturiales-salvagny.fr\/blog\/wp-content\/uploads\/2024\/10\/2-Carre-Fleurs-236x300.jpg 236w\" sizes=\"(max-width: 487px) 100vw, 487px\" \/><\/a><\/figure><\/li><li class=\"blocks-gallery-item\"><figure><a href=\"http:\/\/lesnaturiales-salvagny.fr\/blog\/wp-content\/uploads\/2024\/10\/3-Fayolle-Fleurs.jpg\"><img loading=\"lazy\" width=\"487\" height=\"497\" src=\"http:\/\/lesnaturiales-salvagny.fr\/blog\/wp-content\/uploads\/2024\/10\/3-Fayolle-Fleurs.jpg\" alt=\"\" data-id=\"4977\" data-full-url=\"http:\/\/lesnaturiales-salvagny.fr\/blog\/wp-content\/uploads\/2024\/10\/3-Fayolle-Fleurs.jpg\" data-link=\"http:\/\/lesnaturiales-salvagny.fr\/blog\/3-fayolle-fleurs\/\" class=\"wp-image-4977\" srcset=\"https:\/\/lesnaturiales-salvagny.fr\/blog\/wp-content\/uploads\/2024\/10\/3-Fayolle-Fleurs.jpg 487w, https:\/\/lesnaturiales-salvagny.fr\/blog\/wp-content\/uploads\/2024\/10\/3-Fayolle-Fleurs-294x300.jpg 294w\" sizes=\"(max-width: 487px) 100vw, 487px\" \/><\/a><\/figure><\/li><\/ul><\/figure>\n\n\n\n<p style=\"text-align: justify;\">&nbsp;467 visiteurs ont vot\u00e9 \u00e0 bulletin secret &nbsp;pour \u00ab\u00a0le coup de coeur du public \u00a0\u00bb permettant de doter les laur\u00e9ats de 3 magnifiques tableaux \u00a0\u00bb aux couleurs d&rsquo;automne\u00a0\u00bb.<\/p>\n\n\n\n<figure class=\"wp-block-gallery columns-2 is-cropped\"><ul class=\"blocks-gallery-grid\"><li class=\"blocks-gallery-item\"><figure><a href=\"http:\/\/lesnaturiales-salvagny.fr\/blog\/wp-content\/uploads\/2024\/10\/1-B-Secret-Fleur.jpg\"><img loading=\"lazy\" width=\"481\" height=\"619\" src=\"http:\/\/lesnaturiales-salvagny.fr\/blog\/wp-content\/uploads\/2024\/10\/1-B-Secret-Fleur.jpg\" alt=\"\" data-id=\"4973\" data-full-url=\"http:\/\/lesnaturiales-salvagny.fr\/blog\/wp-content\/uploads\/2024\/10\/1-B-Secret-Fleur.jpg\" data-link=\"http:\/\/lesnaturiales-salvagny.fr\/blog\/1-b-secret-fleur\/\" class=\"wp-image-4973\" srcset=\"https:\/\/lesnaturiales-salvagny.fr\/blog\/wp-content\/uploads\/2024\/10\/1-B-Secret-Fleur.jpg 481w, https:\/\/lesnaturiales-salvagny.fr\/blog\/wp-content\/uploads\/2024\/10\/1-B-Secret-Fleur-233x300.jpg 233w\" sizes=\"(max-width: 481px) 100vw, 481px\" \/><\/a><\/figure><\/li><li class=\"blocks-gallery-item\"><figure><a href=\"http:\/\/lesnaturiales-salvagny.fr\/blog\/wp-content\/uploads\/2024\/10\/2-B-La-fleuriste.jpg\"><img loading=\"lazy\" width=\"487\" height=\"631\" src=\"http:\/\/lesnaturiales-salvagny.fr\/blog\/wp-content\/uploads\/2024\/10\/2-B-La-fleuriste.jpg\" alt=\"\" data-id=\"4975\" data-full-url=\"http:\/\/lesnaturiales-salvagny.fr\/blog\/wp-content\/uploads\/2024\/10\/2-B-La-fleuriste.jpg\" data-link=\"http:\/\/lesnaturiales-salvagny.fr\/blog\/2-b-la-fleuriste\/\" class=\"wp-image-4975\" srcset=\"https:\/\/lesnaturiales-salvagny.fr\/blog\/wp-content\/uploads\/2024\/10\/2-B-La-fleuriste.jpg 487w, https:\/\/lesnaturiales-salvagny.fr\/blog\/wp-content\/uploads\/2024\/10\/2-B-La-fleuriste-232x300.jpg 232w\" sizes=\"(max-width: 487px) 100vw, 487px\" \/><\/a><\/figure><\/li><\/ul><\/figure>\n\n\n\n<p style=\"text-align: justify;\">Le temps cl\u00e9ment a attir\u00e9 de nombreuses familles qui ont pu d\u00e9jeuner sur place, profiter de nos produits du terroir et se familiariser avec les conseils, les pratiques, les astuces de nos associations qui pr\u00f4nent la biodiversit\u00e9.<br \/>Le chiffre 13, c&rsquo;est cette ann\u00e9e : 13 lunes, 13 Naturiales d&rsquo;Automne ! Prochainement en vid\u00e9o !<\/p>\n","protected":false},"excerpt":{"rendered":"<p>Une f\u00eate bien r\u00e9ussie ! Une m\u00e9t\u00e9o cl\u00e9mente ! Une belle \u00e9dition des Naturiales d&rsquo;Automne !Le 06 octobre : le Parc de l&rsquo;Hippodrome&nbsp; de la Tour de Salvagny s\u2019est par\u00e9 de d\u00e9cors aux \u00ab\u00a0couleurs d&rsquo;automne\u00a0\u00bb. &nbsp;36&nbsp; v\u00e9los&nbsp; et trottinettes&nbsp; d&rsquo;&hellip; <br \/><a class=\"read-more-button\" href=\"https:\/\/lesnaturiales-salvagny.fr\/blog\/index.php\/2024\/10\/10\/les-naturiales-dautomne-2024\/\">Savoir plus<\/a><\/p>\n","protected":false},"author":1,"featured_media":0,"comment_status":"open","ping_status":"open","sticky":false,"template":"","format":"standard","meta":[],"categories":[5],"tags":[],"_links":{"self":[{"href":"https:\/\/lesnaturiales-salvagny.fr\/blog\/index.php\/wp-json\/wp\/v2\/posts\/4980"}],"collection":[{"href":"https:\/\/lesnaturiales-salvagny.fr\/blog\/index.php\/wp-json\/wp\/v2\/posts"}],"about":[{"href":"https:\/\/lesnaturiales-salvagny.fr\/blog\/index.php\/wp-json\/wp\/v2\/types\/post"}],"author":[{"embeddable":true,"href":"https:\/\/lesnaturiales-salvagny.fr\/blog\/index.php\/wp-json\/wp\/v2\/users\/1"}],"replies":[{"embeddable":true,"href":"https:\/\/lesnaturiales-salvagny.fr\/blog\/index.php\/wp-json\/wp\/v2\/comments?post=4980"}],"version-history":[{"count":7,"href":"https:\/\/lesnaturiales-salvagny.fr\/blog\/index.php\/wp-json\/wp\/v2\/posts\/4980\/revisions"}],"predecessor-version":[{"id":4988,"href":"https:\/\/lesnaturiales-salvagny.fr\/blog\/index.php\/wp-json\/wp\/v2\/posts\/4980\/revisions\/4988"}],"wp:attachment":[{"href":"https:\/\/lesnaturiales-salvagny.fr\/blog\/index.php\/wp-json\/wp\/v2\/media?parent=4980"}],"wp:term":[{"taxonomy":"category","embeddable":true,"href":"https:\/\/lesnaturiales-salvagny.fr\/blog\/index.php\/wp-json\/wp\/v2\/categories?post=4980"},{"taxonomy":"post_tag","embeddable":true,"href":"https:\/\/lesnaturiales-salvagny.fr\/blog\/index.php\/wp-json\/wp\/v2\/tags?post=4980"}],"curies":[{"name":"wp","href":"https:\/\/api.w.org\/{rel}","templated":true}]}}