{"id":41,"date":"2016-03-14T19:57:51","date_gmt":"2016-03-14T18:57:51","guid":{"rendered":"http:\/\/lesnaturialestourdesalvagny.fr\/?p=41"},"modified":"2017-05-02T16:17:48","modified_gmt":"2017-05-02T15:17:48","slug":"bienvenue-2","status":"publish","type":"post","link":"https:\/\/lesnaturiales-salvagny.fr\/blog\/index.php\/2016\/03\/14\/bienvenue-2\/","title":{"rendered":"Bienvenue"},"content":{"rendered":"<p style=\"text-align: center;\"><strong>VIVE LE JARDIN &amp; VIVE LE PRINTEMPS<\/strong><\/p>\n<p style=\"text-align: center;\"><strong>TROCTRUC JARDIN<\/strong> organis\u00e9 par <strong>LES NATURIALES-SALVAGNY<\/strong><\/p>\n<p style=\"text-align: center;\">\u00ab\u00a0<strong><em>am\u00e8ne qui peut, prend qui veut<\/em><\/strong>\u00ab\u00a0<\/p>\n<p style=\"text-align: center;\"><img loading=\"lazy\" class=\"alignnone  wp-image-46\" src=\"http:\/\/lesnaturialestourdesalvagny.fr\/wp-content\/uploads\/2016\/03\/TrocTruc-300x130.jpg\" alt=\"TrocTruc\" width=\"397\" height=\"172\" srcset=\"https:\/\/lesnaturiales-salvagny.fr\/blog\/wp-content\/uploads\/2016\/03\/TrocTruc-300x130.jpg 300w, https:\/\/lesnaturiales-salvagny.fr\/blog\/wp-content\/uploads\/2016\/03\/TrocTruc.jpg 735w\" sizes=\"(max-width: 397px) 100vw, 397px\" \/><\/p>\n<p style=\"text-align: center;\"><strong>RDV SAMEDI 9 AVRIL 2016 de 9 h \u00e0 14 h<\/strong><br \/>\nPlace de la Halle \u00e0 LA TOUR DE SALVAGNY 69890<\/p>\n<p style=\"text-align: center;\">Le troc c&rsquo;est l&rsquo;occasion de partager des richesses, des surplus, du savoir faire,<br \/>\ndes conseils, des connaissances, du mat\u00e9riel , des services&#8230; et de faire<br \/>\nl&rsquo;exp\u00e9rience de l&rsquo;\u00e9change&#8230; une autre mode de consommation !<br \/>\nAinsi pourra \u00eatre troqu\u00e9 SAMEDI 9 AVRIL du moment o\u00f9 il est question<br \/>\nde jardin, de dons, d&rsquo;\u00e9changes, de services. et ce dans la gratuit\u00e9.<\/p>\n<p style=\"text-align: center;\">Renseignements : 06 15 32 92 22 &#8211; lesnaturiales@free.fr<br \/>\nsite : www.lesnaturiales-salvagny<\/p>\n<p style=\"text-align: center;\">TROC MODE D&rsquo;EMPLOI<\/p>\n<p style=\"text-align: center;\">1<br \/>\n<em>Pr\u00e9parez en amont, boutures, graines, livres, mat\u00e9riels, confitures&#8230; qui font double emploi,<\/em><br \/>\n<em>qui sont en surplus ou qui simplement pourraient faire plaisir \u00e0 d&rsquo;autres jardiniers.<\/em><br \/>\n2<br \/>\n<strong><em>RDV sous la halle le 9 avril de 9 h \u00e0 14 h<\/em><\/strong><br \/>\n<em>D\u00e9posez \u00ab\u00a0vos tr\u00e9sors\u00a0\u00bb et profitez de ceux des autres tout en savourant quelques \u00e9lixirs<\/em><br \/>\n<em>\u00e0 base de plantes.<\/em><br \/>\n3<br \/>\n<em>C&rsquo;est SIMPLE, GRATUIT, sans INSCRIPTION<\/em><\/p>\n<p>&nbsp;<\/p>\n","protected":false},"excerpt":{"rendered":"<p>VIVE LE JARDIN &amp; VIVE LE PRINTEMPS TROCTRUC JARDIN organis\u00e9 par LES NATURIALES-SALVAGNY \u00ab\u00a0am\u00e8ne qui peut, prend qui veut\u00ab\u00a0 RDV SAMEDI 9 AVRIL 2016 de 9 h \u00e0 14 h Place de la Halle \u00e0 LA TOUR DE SALVAGNY 69890&hellip; <br \/><a class=\"read-more-button\" href=\"https:\/\/lesnaturiales-salvagny.fr\/blog\/index.php\/2016\/03\/14\/bienvenue-2\/\">Savoir plus<\/a><\/p>\n","protected":false},"author":1,"featured_media":0,"comment_status":"open","ping_status":"open","sticky":false,"template":"","format":"standard","meta":[],"categories":[4],"tags":[],"_links":{"self":[{"href":"https:\/\/lesnaturiales-salvagny.fr\/blog\/index.php\/wp-json\/wp\/v2\/posts\/41"}],"collection":[{"href":"https:\/\/lesnaturiales-salvagny.fr\/blog\/index.php\/wp-json\/wp\/v2\/posts"}],"about":[{"href":"https:\/\/lesnaturiales-salvagny.fr\/blog\/index.php\/wp-json\/wp\/v2\/types\/post"}],"author":[{"embeddable":true,"href":"https:\/\/lesnaturiales-salvagny.fr\/blog\/index.php\/wp-json\/wp\/v2\/users\/1"}],"replies":[{"embeddable":true,"href":"https:\/\/lesnaturiales-salvagny.fr\/blog\/index.php\/wp-json\/wp\/v2\/comments?post=41"}],"version-history":[{"count":6,"href":"https:\/\/lesnaturiales-salvagny.fr\/blog\/index.php\/wp-json\/wp\/v2\/posts\/41\/revisions"}],"predecessor-version":[{"id":94,"href":"https:\/\/lesnaturiales-salvagny.fr\/blog\/index.php\/wp-json\/wp\/v2\/posts\/41\/revisions\/94"}],"wp:attachment":[{"href":"https:\/\/lesnaturiales-salvagny.fr\/blog\/index.php\/wp-json\/wp\/v2\/media?parent=41"}],"wp:term":[{"taxonomy":"category","embeddable":true,"href":"https:\/\/lesnaturiales-salvagny.fr\/blog\/index.php\/wp-json\/wp\/v2\/categories?post=41"},{"taxonomy":"post_tag","embeddable":true,"href":"https:\/\/lesnaturiales-salvagny.fr\/blog\/index.php\/wp-json\/wp\/v2\/tags?post=41"}],"curies":[{"name":"wp","href":"https:\/\/api.w.org\/{rel}","templated":true}]}}