{"id":4015,"date":"2023-08-02T17:53:30","date_gmt":"2023-08-02T16:53:30","guid":{"rendered":"http:\/\/lesnaturiales-salvagny.fr\/blog\/?p=4015"},"modified":"2023-08-02T17:53:30","modified_gmt":"2023-08-02T16:53:30","slug":"fleurs-on-vous-aime-2","status":"publish","type":"post","link":"https:\/\/lesnaturiales-salvagny.fr\/blog\/index.php\/2023\/08\/02\/fleurs-on-vous-aime-2\/","title":{"rendered":"Fleurs on vous aime"},"content":{"rendered":"\n<p style=\"text-align: justify;\">La photo n\u00b0 6 (champ de coquelicots) de Catherine Boyer est arriv\u00e9e en t\u00eate de vos choix du concours \u00ab\u00a0Fleurs on vous aime\u00a0\u00bb.<\/p>\n<p>&nbsp;<\/p>\n\n\n\n<div class=\"wp-block-image\"><figure class=\"aligncenter size-large\"><img loading=\"lazy\" width=\"1024\" height=\"768\" src=\"http:\/\/lesnaturiales-salvagny.fr\/blog\/wp-content\/uploads\/2023\/08\/6-Cath-Boyer-1024x768.jpg\" alt=\"\" class=\"wp-image-4017\" srcset=\"https:\/\/lesnaturiales-salvagny.fr\/blog\/wp-content\/uploads\/2023\/08\/6-Cath-Boyer-1024x768.jpg 1024w, https:\/\/lesnaturiales-salvagny.fr\/blog\/wp-content\/uploads\/2023\/08\/6-Cath-Boyer-300x225.jpg 300w, https:\/\/lesnaturiales-salvagny.fr\/blog\/wp-content\/uploads\/2023\/08\/6-Cath-Boyer-768x576.jpg 768w, https:\/\/lesnaturiales-salvagny.fr\/blog\/wp-content\/uploads\/2023\/08\/6-Cath-Boyer-1536x1152.jpg 1536w, https:\/\/lesnaturiales-salvagny.fr\/blog\/wp-content\/uploads\/2023\/08\/6-Cath-Boyer-2048x1536.jpg 2048w, https:\/\/lesnaturiales-salvagny.fr\/blog\/wp-content\/uploads\/2023\/08\/6-Cath-Boyer-1170x878.jpg 1170w\" sizes=\"(max-width: 1024px) 100vw, 1024px\" \/><\/figure><\/div>\n\n\n\n<p><strong>Le coquelicot<\/strong><\/p>\n<p style=\"text-align: justify;\"><strong>\u00a0<\/strong>Embl\u00e8me du dynamisme de la nature, le coquelicot s\u2019invite autant dans les champs que dans les friches urbaines ou aux pieds des arbres en ville. Au jardin, ses couleurs et son aspect sauvage r\u00e9veillent les massifs, pelouses-prairies, all\u00e9es ou rocailles.<\/p>\n<p style=\"text-align: justify;\">De la famille des pavots (papav\u00e9rac\u00e9es), le coquelicot est une plante annuelle. Il est donc \u00e9galement appel\u00e9 pavot annuel. Venu d\u2019Afrique du Nord et du Moyen-Orient, il s\u2019est naturalis\u00e9 au fil des si\u00e8cles sur l\u2019ensemble des continents de l\u2019h\u00e9misph\u00e8re nord.\u00a0<\/p>\n<p style=\"text-align: justify;\">Les feuilles velues et tr\u00e8s d\u00e9coup\u00e9es se d\u00e9veloppent \u00e0 la base sur 15\u00a0cm de long. Sa tige velue elle aussi, de 20 \u00e0 80\u00a0cm de haut, porte une fleur unique, rouge vermillon. Cette fleur en coupe de 5 \u00e0 8\u00a0cm attire par sa couleur, mais surtout par ses p\u00e9tales d\u2019une grande finesse qui peuvent \u00eatre translucides \u00e0 contre-jour. Ses p\u00e9tales entourent un c\u0153ur noir qui donne un superbe contraste.<\/p>\n<p style=\"text-align: justify;\">La floraison commence au milieu du printemps et se renouvelle jusqu\u2019en milieu d\u2019\u00e9t\u00e9. Elle remonte parfois en fin d\u2019\u00e9t\u00e9. Des capsules de graines se forment \u00e0 la fanaison. Chaque capsule contient un tr\u00e8s grand nombre de graines qui sont appr\u00e9ci\u00e9es aussi par les oiseaux \u00e0 l\u2019automne. La plante a des propri\u00e9t\u00e9s m\u00e9dicinales, connues depuis l\u2019Antiquit\u00e9. Les fleurs de coquelicot en infusion calment la toux et les maux de gorge. Les p\u00e9tales sont comestibles crus et illuminent les salades.\u00a0<\/p>\n<p>\u00a0<\/p>\n<p>\u00a0<\/p>\n\n\n\n<div class=\"wp-block-image\"><figure class=\"aligncenter size-large is-resized\"><img loading=\"lazy\" src=\"http:\/\/lesnaturiales-salvagny.fr\/blog\/wp-content\/uploads\/2023\/07\/Bloc-note-27.jpg\" alt=\"\" class=\"wp-image-3985\" width=\"612\" height=\"401\" srcset=\"https:\/\/lesnaturiales-salvagny.fr\/blog\/wp-content\/uploads\/2023\/07\/Bloc-note-27.jpg 493w, https:\/\/lesnaturiales-salvagny.fr\/blog\/wp-content\/uploads\/2023\/07\/Bloc-note-27-300x197.jpg 300w\" sizes=\"(max-width: 612px) 100vw, 612px\" \/><\/figure><\/div>\n","protected":false},"excerpt":{"rendered":"<p>La photo n\u00b0 6 (champ de coquelicots) de Catherine Boyer est arriv\u00e9e en t\u00eate de vos choix du concours \u00ab\u00a0Fleurs on vous aime\u00a0\u00bb. &nbsp; Le coquelicot \u00a0Embl\u00e8me du dynamisme de la nature, le coquelicot s\u2019invite autant dans les champs que&hellip; <br \/><a class=\"read-more-button\" href=\"https:\/\/lesnaturiales-salvagny.fr\/blog\/index.php\/2023\/08\/02\/fleurs-on-vous-aime-2\/\">Savoir plus<\/a><\/p>\n","protected":false},"author":1,"featured_media":0,"comment_status":"open","ping_status":"open","sticky":false,"template":"","format":"standard","meta":[],"categories":[1],"tags":[],"_links":{"self":[{"href":"https:\/\/lesnaturiales-salvagny.fr\/blog\/index.php\/wp-json\/wp\/v2\/posts\/4015"}],"collection":[{"href":"https:\/\/lesnaturiales-salvagny.fr\/blog\/index.php\/wp-json\/wp\/v2\/posts"}],"about":[{"href":"https:\/\/lesnaturiales-salvagny.fr\/blog\/index.php\/wp-json\/wp\/v2\/types\/post"}],"author":[{"embeddable":true,"href":"https:\/\/lesnaturiales-salvagny.fr\/blog\/index.php\/wp-json\/wp\/v2\/users\/1"}],"replies":[{"embeddable":true,"href":"https:\/\/lesnaturiales-salvagny.fr\/blog\/index.php\/wp-json\/wp\/v2\/comments?post=4015"}],"version-history":[{"count":6,"href":"https:\/\/lesnaturiales-salvagny.fr\/blog\/index.php\/wp-json\/wp\/v2\/posts\/4015\/revisions"}],"predecessor-version":[{"id":4425,"href":"https:\/\/lesnaturiales-salvagny.fr\/blog\/index.php\/wp-json\/wp\/v2\/posts\/4015\/revisions\/4425"}],"wp:attachment":[{"href":"https:\/\/lesnaturiales-salvagny.fr\/blog\/index.php\/wp-json\/wp\/v2\/media?parent=4015"}],"wp:term":[{"taxonomy":"category","embeddable":true,"href":"https:\/\/lesnaturiales-salvagny.fr\/blog\/index.php\/wp-json\/wp\/v2\/categories?post=4015"},{"taxonomy":"post_tag","embeddable":true,"href":"https:\/\/lesnaturiales-salvagny.fr\/blog\/index.php\/wp-json\/wp\/v2\/tags?post=4015"}],"curies":[{"name":"wp","href":"https:\/\/api.w.org\/{rel}","templated":true}]}}