{"id":4001,"date":"2023-07-19T19:19:59","date_gmt":"2023-07-19T18:19:59","guid":{"rendered":"http:\/\/lesnaturiales-salvagny.fr\/blog\/?p=4001"},"modified":"2023-07-19T19:19:59","modified_gmt":"2023-07-19T18:19:59","slug":"un-indesirable-pour-les-vacances","status":"publish","type":"post","link":"https:\/\/lesnaturiales-salvagny.fr\/blog\/index.php\/2023\/07\/19\/un-indesirable-pour-les-vacances\/","title":{"rendered":"Un ind\u00e9sirable pour les vacances"},"content":{"rendered":"\n<p style=\"text-align: justify;\">Les moustiques sont des dipt\u00e8res de petite taille appartenant \u00e0 la famille des Culicidae. En r\u00e9gion Auvergne-Rh\u00f4ne-Alpes, on d\u00e9nombre une quarantaine d\u2019esp\u00e8ces diff\u00e9rentes qui vivent dans des habitats qui leurs sont parfois sp\u00e9cifiques. Certaines ne vivent que dans les creux d\u2019arbres (<em>Aedes geniculatu<\/em>s), d\u2019autres pr\u00e9f\u00e8rent les marais (<em>Aedes cantans,<\/em>&nbsp;<em>Aedes sticticus<\/em>) ou encore des r\u00e9cup\u00e9rateurs d\u2019eau pluviale (<em>Aedes albopictus,&nbsp;<\/em><em>Culex pipiens<\/em>).<\/p>\n\n\n\n<figure class=\"wp-block-image size-large\"><img loading=\"lazy\" width=\"1024\" height=\"528\" src=\"http:\/\/lesnaturiales-salvagny.fr\/blog\/wp-content\/uploads\/2023\/07\/Moustiques-1024x528.jpg\" alt=\"\" class=\"wp-image-3998\" srcset=\"https:\/\/lesnaturiales-salvagny.fr\/blog\/wp-content\/uploads\/2023\/07\/Moustiques-1024x528.jpg 1024w, https:\/\/lesnaturiales-salvagny.fr\/blog\/wp-content\/uploads\/2023\/07\/Moustiques-300x155.jpg 300w, https:\/\/lesnaturiales-salvagny.fr\/blog\/wp-content\/uploads\/2023\/07\/Moustiques-768x396.jpg 768w, https:\/\/lesnaturiales-salvagny.fr\/blog\/wp-content\/uploads\/2023\/07\/Moustiques-1536x792.jpg 1536w, https:\/\/lesnaturiales-salvagny.fr\/blog\/wp-content\/uploads\/2023\/07\/Moustiques-1170x603.jpg 1170w, https:\/\/lesnaturiales-salvagny.fr\/blog\/wp-content\/uploads\/2023\/07\/Moustiques.jpg 1781w\" sizes=\"(max-width: 1024px) 100vw, 1024px\" \/><\/figure>\n\n\n\n<p style=\"text-align: justify;\">Le moustique-tigre (en latin <em>Aedes albopictus<\/em>) est une esp\u00e8ce de moustique de petite taille : il mesure entre 5 et 10 mm. Il n\u2019est pas plus gros que la plan\u00e8te Terre sur la pi\u00e8ce de 1 centime d\u2019euro.&nbsp;Il est noir, tachet\u00e9 de blanc sur le corps et les pattes<strong>.<\/strong> Il est caract\u00e9ris\u00e9 par la pr\u00e9sence d\u2019une ligne blanche sur la t\u00eate et le dos.&nbsp; Contrairement au moustique commun (<em>Culex<\/em>) qui a plut\u00f4t tendance \u00e0 piquer la nuit et dont le vol est bruyant, le moustique tigre est diurne, c\u2019est-\u00e0-dire qu\u2019il pique plut\u00f4t le jour (principalement le matin et le soir) et silencieux.<\/p>\n\n\n\n<div class=\"wp-block-image\"><figure class=\"aligncenter size-large is-resized\"><img loading=\"lazy\" src=\"http:\/\/lesnaturiales-salvagny.fr\/blog\/wp-content\/uploads\/2023\/07\/Cycle.jpg\" alt=\"\" class=\"wp-image-4000\" width=\"559\" height=\"419\" srcset=\"https:\/\/lesnaturiales-salvagny.fr\/blog\/wp-content\/uploads\/2023\/07\/Cycle.jpg 559w, https:\/\/lesnaturiales-salvagny.fr\/blog\/wp-content\/uploads\/2023\/07\/Cycle-300x225.jpg 300w\" sizes=\"(max-width: 559px) 100vw, 559px\" \/><\/figure><\/div>\n\n\n\n<p style=\"text-align: justify;\">Le moustique na\u00eet et vit dans un rayon de <strong>150m2<\/strong> et donc que si l\u2019on en a chez soi, c\u2019est qu\u2019il est n\u00e9 \u00e0 c\u00f4t\u00e9.<\/p>\n<p><a href=\"https:\/\/agirmoustique.fr\/pro-du-vegetal\/\">https:\/\/agirmoustique.fr\/pro-du-vegetal\/<\/a><\/p>\n<p style=\"text-align: justify;\">Le moustique tigre est potentiellement un vecteur de maladies infectieuses comme <strong>l<\/strong>a dengue, le chikungunya ou le Zika, mais il ne les transmet que lorsqu\u2019il a piqu\u00e9 une personne d\u00e9j\u00e0 infect\u00e9e. En effet le moustique se contamine en piquant une personne malade qui revient d\u2019un s\u00e9jour dans un pays o\u00f9 ces maladies sont pr\u00e9sentes. Il devient ainsi capable dans les jours suivants, et durant toute sa vie (soit environ 1 mois), de transmettre la maladie aux personnes qu\u2019il piquera par la suite.\u00a0<\/p>\n<p>\u00a0<\/p>\n","protected":false},"excerpt":{"rendered":"<p>Les moustiques sont des dipt\u00e8res de petite taille appartenant \u00e0 la famille des Culicidae. En r\u00e9gion Auvergne-Rh\u00f4ne-Alpes, on d\u00e9nombre une quarantaine d\u2019esp\u00e8ces diff\u00e9rentes qui vivent dans des habitats qui leurs sont parfois sp\u00e9cifiques. Certaines ne vivent que dans les creux&hellip; <br \/><a class=\"read-more-button\" href=\"https:\/\/lesnaturiales-salvagny.fr\/blog\/index.php\/2023\/07\/19\/un-indesirable-pour-les-vacances\/\">Savoir plus<\/a><\/p>\n","protected":false},"author":1,"featured_media":0,"comment_status":"open","ping_status":"open","sticky":false,"template":"","format":"standard","meta":[],"categories":[18],"tags":[],"_links":{"self":[{"href":"https:\/\/lesnaturiales-salvagny.fr\/blog\/index.php\/wp-json\/wp\/v2\/posts\/4001"}],"collection":[{"href":"https:\/\/lesnaturiales-salvagny.fr\/blog\/index.php\/wp-json\/wp\/v2\/posts"}],"about":[{"href":"https:\/\/lesnaturiales-salvagny.fr\/blog\/index.php\/wp-json\/wp\/v2\/types\/post"}],"author":[{"embeddable":true,"href":"https:\/\/lesnaturiales-salvagny.fr\/blog\/index.php\/wp-json\/wp\/v2\/users\/1"}],"replies":[{"embeddable":true,"href":"https:\/\/lesnaturiales-salvagny.fr\/blog\/index.php\/wp-json\/wp\/v2\/comments?post=4001"}],"version-history":[{"count":6,"href":"https:\/\/lesnaturiales-salvagny.fr\/blog\/index.php\/wp-json\/wp\/v2\/posts\/4001\/revisions"}],"predecessor-version":[{"id":4010,"href":"https:\/\/lesnaturiales-salvagny.fr\/blog\/index.php\/wp-json\/wp\/v2\/posts\/4001\/revisions\/4010"}],"wp:attachment":[{"href":"https:\/\/lesnaturiales-salvagny.fr\/blog\/index.php\/wp-json\/wp\/v2\/media?parent=4001"}],"wp:term":[{"taxonomy":"category","embeddable":true,"href":"https:\/\/lesnaturiales-salvagny.fr\/blog\/index.php\/wp-json\/wp\/v2\/categories?post=4001"},{"taxonomy":"post_tag","embeddable":true,"href":"https:\/\/lesnaturiales-salvagny.fr\/blog\/index.php\/wp-json\/wp\/v2\/tags?post=4001"}],"curies":[{"name":"wp","href":"https:\/\/api.w.org\/{rel}","templated":true}]}}