{"id":2958,"date":"2022-08-24T16:30:02","date_gmt":"2022-08-24T15:30:02","guid":{"rendered":"http:\/\/lesnaturiales-salvagny.fr\/blog\/?p=2958"},"modified":"2022-08-24T16:30:02","modified_gmt":"2022-08-24T15:30:02","slug":"cest-aux-goelands-daller-a-la-plage","status":"publish","type":"post","link":"https:\/\/lesnaturiales-salvagny.fr\/blog\/index.php\/2022\/08\/24\/cest-aux-goelands-daller-a-la-plage\/","title":{"rendered":"C&rsquo;EST AUX GOELANDS D&rsquo;ALLER A LA PLAGE"},"content":{"rendered":"\n<p style=\"text-align: justify;\">Il est temps de pr\u00e9parer la rentr\u00e9e&nbsp;: voici un petit rappel pour l\u2019agenda des tous prochains jours&nbsp;:<\/p>\n<p style=\"text-align: justify;\"><strong>Lundi 29 ao\u00fbt \u00e0 14h&nbsp;: <br><\/strong>R\u00e9union du CA des Naturiales \u00e0 la Salle de la verri\u00e8re au Vieux Bourg. <br>Ce CA sera essentiellement consacr\u00e9 au calendrier de la nouvelle saison 2022-2023.<br>Pour ce CA, comme il a \u00e9t\u00e9 indiqu\u00e9 dans la lettre du 21 juin, tous les adh\u00e9rents et sympathisants sont invit\u00e9s et sont les bienvenus. Plus nous serons, plus il y aura d\u2019id\u00e9es, et plus nous ferons des activit\u00e9s qui correspondront aux souhaits du plus grand nombre.<\/p>\n<p><strong>Samedi 3 septembre&nbsp;:<br><\/strong>Les Naturiales seront au Forum des associations tout l\u2019apr\u00e8s-midi. <br>La cotisation 2022-2023 reste inchang\u00e9e&nbsp;: 10 \u20ac<\/p>\n<p style=\"text-align: justify;\"><strong>Samedi 17 septembre&nbsp;:<br><\/strong>Au Jardin de l\u2019An Mil, nous inaugurerons le nouveau composteur qui a \u00e9t\u00e9 install\u00e9 cet \u00e9t\u00e9. A 10h, Fr\u00e9d\u00e9rique Pommereau de la M\u00e9tropole vous dira tout sur le compost. Son intervention sera suivie par un verre de l\u2019amiti\u00e9.<\/p>\n<p style=\"text-align: justify;\"><strong>Journ\u00e9es Europ\u00e9ennes du Patrimoine du vendredi 16 \u00e0 partir de 14h au lundi 19 jusqu\u2019\u00e0 12h&nbsp;:<br><\/strong>Au Jardin de l\u2019An Mil et sur la Place Terrugia, vous pourrez d\u00e9couvrir en toute libert\u00e9, une exposition dont le titre est&nbsp;: <strong>\u00ab&nbsp;Nos l\u00e9gumes d\u2019ici viennent de loin&nbsp;\u00bb.<br><\/strong>Une visite guid\u00e9e gratuite mais sur inscription (<a href=\"mailto:contact@lesnaturiales-salvagny.fr\">contact@lesnaturiales-salvagny.fr<\/a>) sera faite par Mich\u00e8le Causse le dimanche 18 septembre \u00e0 10h30.<\/p>\n<p>&nbsp;<\/p>\n\n\n\n<figure class=\"wp-block-image size-large is-resized\"><img loading=\"lazy\" src=\"http:\/\/lesnaturiales-salvagny.fr\/blog\/wp-content\/uploads\/2022\/08\/Blog.entete.22.08.25.rentree.jpg\" alt=\"\" class=\"wp-image-2961\" width=\"685\" height=\"300\"\/><\/figure>\n","protected":false},"excerpt":{"rendered":"<p>Il est temps de pr\u00e9parer la rentr\u00e9e&nbsp;: voici un petit rappel pour l\u2019agenda des tous prochains jours&nbsp;: Lundi 29 ao\u00fbt \u00e0 14h&nbsp;: R\u00e9union du CA des Naturiales \u00e0 la Salle de la verri\u00e8re au Vieux Bourg. Ce CA sera essentiellement&hellip; <br \/><a class=\"read-more-button\" href=\"https:\/\/lesnaturiales-salvagny.fr\/blog\/index.php\/2022\/08\/24\/cest-aux-goelands-daller-a-la-plage\/\">Savoir plus<\/a><\/p>\n","protected":false},"author":1,"featured_media":0,"comment_status":"open","ping_status":"open","sticky":false,"template":"","format":"standard","meta":[],"categories":[4],"tags":[],"_links":{"self":[{"href":"https:\/\/lesnaturiales-salvagny.fr\/blog\/index.php\/wp-json\/wp\/v2\/posts\/2958"}],"collection":[{"href":"https:\/\/lesnaturiales-salvagny.fr\/blog\/index.php\/wp-json\/wp\/v2\/posts"}],"about":[{"href":"https:\/\/lesnaturiales-salvagny.fr\/blog\/index.php\/wp-json\/wp\/v2\/types\/post"}],"author":[{"embeddable":true,"href":"https:\/\/lesnaturiales-salvagny.fr\/blog\/index.php\/wp-json\/wp\/v2\/users\/1"}],"replies":[{"embeddable":true,"href":"https:\/\/lesnaturiales-salvagny.fr\/blog\/index.php\/wp-json\/wp\/v2\/comments?post=2958"}],"version-history":[{"count":7,"href":"https:\/\/lesnaturiales-salvagny.fr\/blog\/index.php\/wp-json\/wp\/v2\/posts\/2958\/revisions"}],"predecessor-version":[{"id":2968,"href":"https:\/\/lesnaturiales-salvagny.fr\/blog\/index.php\/wp-json\/wp\/v2\/posts\/2958\/revisions\/2968"}],"wp:attachment":[{"href":"https:\/\/lesnaturiales-salvagny.fr\/blog\/index.php\/wp-json\/wp\/v2\/media?parent=2958"}],"wp:term":[{"taxonomy":"category","embeddable":true,"href":"https:\/\/lesnaturiales-salvagny.fr\/blog\/index.php\/wp-json\/wp\/v2\/categories?post=2958"},{"taxonomy":"post_tag","embeddable":true,"href":"https:\/\/lesnaturiales-salvagny.fr\/blog\/index.php\/wp-json\/wp\/v2\/tags?post=2958"}],"curies":[{"name":"wp","href":"https:\/\/api.w.org\/{rel}","templated":true}]}}