{"id":2937,"date":"2022-06-22T17:33:03","date_gmt":"2022-06-22T16:33:03","guid":{"rendered":"http:\/\/lesnaturiales-salvagny.fr\/blog\/?p=2937"},"modified":"2022-06-28T15:07:42","modified_gmt":"2022-06-28T14:07:42","slug":"voyage-a-paray-le-monial","status":"publish","type":"post","link":"https:\/\/lesnaturiales-salvagny.fr\/blog\/index.php\/2022\/06\/22\/voyage-a-paray-le-monial\/","title":{"rendered":"VOYAGE \u00e0 PARAY le MONIAL"},"content":{"rendered":"\n<p style=\"text-align: justify;\">Les Naturiales et leurs amis ont r\u00e9ussi \u00e0 remplir un car pour r\u00e9aliser le voyage \u00e0 Paray le Monial en cette belle journ\u00e9e du 14 juin. Ce fut une r\u00e9ussite gr\u00e2ce \u00e0 nos organisatrices.<\/p>\n\n\n\n<figure class=\"wp-block-image size-large is-resized\"><img loading=\"lazy\" src=\"http:\/\/lesnaturiales-salvagny.fr\/blog\/wp-content\/uploads\/2022\/06\/IMG_0840.jpg\" alt=\"\" class=\"wp-image-2932\" width=\"637\" height=\"424\" srcset=\"https:\/\/lesnaturiales-salvagny.fr\/blog\/wp-content\/uploads\/2022\/06\/IMG_0840.jpg 720w, https:\/\/lesnaturiales-salvagny.fr\/blog\/wp-content\/uploads\/2022\/06\/IMG_0840-300x200.jpg 300w\" sizes=\"(max-width: 637px) 100vw, 637px\" \/><\/figure>\n\n\n\n<p style=\"text-align: justify;\">Paray-le-Monial en Sa\u00f4ne-et-Loire, au c\u0153ur du Charolais-Brionnais, trouve ses origines dans la construction au sommet d&rsquo;une colline (actuel quartier de Survaux), dans une vall\u00e9e broussailleuse alors appel\u00e9e \u00ab&nbsp;Val d&rsquo;Or&nbsp;\u00bb, d&rsquo;un prieur\u00e9 et d&rsquo;une \u00e9glise consacr\u00e9e en 977. La ville est travers\u00e9e par le canal du Centre et La Bourbince. Les habitants se nomment Parodiens.<\/p>\n\n\n\n<figure class=\"wp-block-image size-large is-resized\"><img loading=\"lazy\" src=\"http:\/\/lesnaturiales-salvagny.fr\/blog\/wp-content\/uploads\/2022\/06\/IMG_0850.jpg\" alt=\"\" class=\"wp-image-2933\" width=\"643\" height=\"428\" srcset=\"https:\/\/lesnaturiales-salvagny.fr\/blog\/wp-content\/uploads\/2022\/06\/IMG_0850.jpg 720w, https:\/\/lesnaturiales-salvagny.fr\/blog\/wp-content\/uploads\/2022\/06\/IMG_0850-300x200.jpg 300w\" sizes=\"(max-width: 643px) 100vw, 643px\" \/><\/figure>\n\n\n\n<p style=\"text-align: justify;\">Nos guides nous ont fait d\u00e9couvrir le c\u0153ur historique de la ville (H\u00f4tel de Ville Renaissance, quartier m\u00e9di\u00e9val) et la basilique du Sacr\u00e9 C\u0153ur, prieurale de Paray le Monial \u00e9difi\u00e9e au XII\u00b0 si\u00e8cle par Hugues de Saumur, sixi\u00e8me abb\u00e9 de Cluny. Celle-ci est \u00e9lev\u00e9e au rang de basilique mineure par le pape Pie IX en 1875 et d\u00e9di\u00e9e au Sacr\u00e9 C\u0153ur, pour c\u00e9l\u00e9brer les Apparitions du Christ \u00e0 Sainte Marguerite Marie Alacoque, religieuse visitandine (1647-1690). De grands p\u00e8lerinages ont suivi.<\/p>\n\n\n\n<figure class=\"wp-block-image size-large is-resized\"><img loading=\"lazy\" src=\"http:\/\/lesnaturiales-salvagny.fr\/blog\/wp-content\/uploads\/2022\/06\/Bloc-Paray.jpg\" alt=\"\" class=\"wp-image-2934\" width=\"663\" height=\"487\" srcset=\"https:\/\/lesnaturiales-salvagny.fr\/blog\/wp-content\/uploads\/2022\/06\/Bloc-Paray.jpg 901w, https:\/\/lesnaturiales-salvagny.fr\/blog\/wp-content\/uploads\/2022\/06\/Bloc-Paray-300x221.jpg 300w, https:\/\/lesnaturiales-salvagny.fr\/blog\/wp-content\/uploads\/2022\/06\/Bloc-Paray-768x565.jpg 768w\" sizes=\"(max-width: 663px) 100vw, 663px\" \/><\/figure>\n\n\n\n<p style=\"text-align: justify;\">Une agr\u00e9able pause d\u00e9jeuner aux \u00ab\u00a0Vendanges de&nbsp; Bourgogne\u00a0\u00bb nous a r\u00e9unis autour d&rsquo;une bonne table, avant d&rsquo;aller visiter la \u00ab\u00a0Perle du Charolais\u00a0\u00bb \u00e0 Palinges&nbsp;: le ch\u00e2teau de Digoine qui, avec ses jardins et son parc, constitue l&rsquo;un des plus authentiques et prestigieux exemple d&rsquo;architecture et &nbsp;paysage du XVIII\u00b0 si\u00e8cle.<\/p>\n\n\n\n<figure class=\"wp-block-image size-large is-resized\"><img loading=\"lazy\" src=\"http:\/\/lesnaturiales-salvagny.fr\/blog\/wp-content\/uploads\/2022\/06\/Bloc-Restaurant.jpg\" alt=\"\" class=\"wp-image-2935\" width=\"623\" height=\"424\" srcset=\"https:\/\/lesnaturiales-salvagny.fr\/blog\/wp-content\/uploads\/2022\/06\/Bloc-Restaurant.jpg 904w, https:\/\/lesnaturiales-salvagny.fr\/blog\/wp-content\/uploads\/2022\/06\/Bloc-Restaurant-300x204.jpg 300w, https:\/\/lesnaturiales-salvagny.fr\/blog\/wp-content\/uploads\/2022\/06\/Bloc-Restaurant-768x523.jpg 768w\" sizes=\"(max-width: 623px) 100vw, 623px\" \/><\/figure>\n\n\n\n<p style=\"text-align: justify;\">L\u2019origine du ch\u00e2teau remonte \u00e0 1390 lorsque <a href=\"https:\/\/fr.wikipedia.org\/wiki\/Famille_de_Damas\">Robert de Damas<\/a> \u00e9pouse <a href=\"https:\/\/fr.wikipedia.org\/wiki\/Famille_de_Digoine\">Marie de Digoine<\/a>, l\u2019ultime repr\u00e9sentante de la famille. Sous le nom de Damas de Digoine, ils firent \u00e9riger les imposantes tours de la fa\u00e7ade nord, octroyant \u00e0 l\u2019\u00e9difice ses premiers \u00e9l\u00e9ments d\u00e9fensifs. Il faut attendre la fin du XVIII<sup>e<\/sup> si\u00e8cle pour que le ch\u00e2teau de Digoine \u00e9volue en logis d\u2019agr\u00e9ment et adopte son apparence d\u00e9finitive. Cette transformation est impuls\u00e9e par les Reclesne, une riche famille nivernaise qui, apr\u00e8s avoir rachet\u00e9 les terres du domaine, se met \u00e0 r\u00eaver d\u2019un renouveau plus fastueux. Au d\u00e9but du XIX<sup>e<\/sup> si\u00e8cle, le mariage du Comte Aim\u00e9 de Chabrillan, Grand Chambellan de France de Napol\u00e9on Ier, et de la Comtesse Z\u00e9phyrine Olympe de Choiseul Gouffier, vient sceller la transmission du domaine \u00e0 la famille de Chabrillan. Marqueur incontestable de la supr\u00e9matie \u00e9conomique, sociale et politique de ces derniers, Digoine se d\u00e9veloppe de fa\u00e7on spectaculaire entre 1825 et 1842.<\/p>\n\n\n\n<figure class=\"wp-block-image size-large is-resized\"><img loading=\"lazy\" src=\"http:\/\/lesnaturiales-salvagny.fr\/blog\/wp-content\/uploads\/2022\/06\/Bloc-Digoine.jpg\" alt=\"\" class=\"wp-image-2936\" width=\"655\" height=\"506\" srcset=\"https:\/\/lesnaturiales-salvagny.fr\/blog\/wp-content\/uploads\/2022\/06\/Bloc-Digoine.jpg 867w, https:\/\/lesnaturiales-salvagny.fr\/blog\/wp-content\/uploads\/2022\/06\/Bloc-Digoine-300x232.jpg 300w, https:\/\/lesnaturiales-salvagny.fr\/blog\/wp-content\/uploads\/2022\/06\/Bloc-Digoine-768x594.jpg 768w\" sizes=\"(max-width: 655px) 100vw, 655px\" \/><\/figure>\n\n\n\n<p>&nbsp;<\/p>\n<p>&nbsp;<\/p>\n\n\n\n<figure class=\"wp-block-image size-large is-resized\"><a href=\"https:\/\/rcf.fr\/culture-et-societe\/par-monts-et-par-vaux-rcf-lyon?episode=262530\"><img loading=\"lazy\" src=\"http:\/\/lesnaturiales-salvagny.fr\/blog\/wp-content\/uploads\/2022\/06\/Bloc-notes-25.jpg\" alt=\"\" class=\"wp-image-2947\" width=\"659\" height=\"256\" srcset=\"https:\/\/lesnaturiales-salvagny.fr\/blog\/wp-content\/uploads\/2022\/06\/Bloc-notes-25.jpg 928w, https:\/\/lesnaturiales-salvagny.fr\/blog\/wp-content\/uploads\/2022\/06\/Bloc-notes-25-300x117.jpg 300w, https:\/\/lesnaturiales-salvagny.fr\/blog\/wp-content\/uploads\/2022\/06\/Bloc-notes-25-768x299.jpg 768w\" sizes=\"(max-width: 659px) 100vw, 659px\" \/><\/a><\/figure>\n\n\n","protected":false},"excerpt":{"rendered":"<p>Les Naturiales et leurs amis ont r\u00e9ussi \u00e0 remplir un car pour r\u00e9aliser le voyage \u00e0 Paray le Monial en cette belle journ\u00e9e du 14 juin. Ce fut une r\u00e9ussite gr\u00e2ce \u00e0 nos organisatrices. Paray-le-Monial en Sa\u00f4ne-et-Loire, au c\u0153ur du&hellip; <br \/><a class=\"read-more-button\" href=\"https:\/\/lesnaturiales-salvagny.fr\/blog\/index.php\/2022\/06\/22\/voyage-a-paray-le-monial\/\">Savoir plus<\/a><\/p>\n","protected":false},"author":1,"featured_media":0,"comment_status":"open","ping_status":"open","sticky":false,"template":"","format":"standard","meta":[],"categories":[19],"tags":[],"_links":{"self":[{"href":"https:\/\/lesnaturiales-salvagny.fr\/blog\/index.php\/wp-json\/wp\/v2\/posts\/2937"}],"collection":[{"href":"https:\/\/lesnaturiales-salvagny.fr\/blog\/index.php\/wp-json\/wp\/v2\/posts"}],"about":[{"href":"https:\/\/lesnaturiales-salvagny.fr\/blog\/index.php\/wp-json\/wp\/v2\/types\/post"}],"author":[{"embeddable":true,"href":"https:\/\/lesnaturiales-salvagny.fr\/blog\/index.php\/wp-json\/wp\/v2\/users\/1"}],"replies":[{"embeddable":true,"href":"https:\/\/lesnaturiales-salvagny.fr\/blog\/index.php\/wp-json\/wp\/v2\/comments?post=2937"}],"version-history":[{"count":16,"href":"https:\/\/lesnaturiales-salvagny.fr\/blog\/index.php\/wp-json\/wp\/v2\/posts\/2937\/revisions"}],"predecessor-version":[{"id":2957,"href":"https:\/\/lesnaturiales-salvagny.fr\/blog\/index.php\/wp-json\/wp\/v2\/posts\/2937\/revisions\/2957"}],"wp:attachment":[{"href":"https:\/\/lesnaturiales-salvagny.fr\/blog\/index.php\/wp-json\/wp\/v2\/media?parent=2937"}],"wp:term":[{"taxonomy":"category","embeddable":true,"href":"https:\/\/lesnaturiales-salvagny.fr\/blog\/index.php\/wp-json\/wp\/v2\/categories?post=2937"},{"taxonomy":"post_tag","embeddable":true,"href":"https:\/\/lesnaturiales-salvagny.fr\/blog\/index.php\/wp-json\/wp\/v2\/tags?post=2937"}],"curies":[{"name":"wp","href":"https:\/\/api.w.org\/{rel}","templated":true}]}}