{"id":2087,"date":"2021-10-07T12:00:00","date_gmt":"2021-10-07T11:00:00","guid":{"rendered":"http:\/\/lesnaturiales-salvagny.fr\/blog\/?p=2087"},"modified":"2021-10-07T14:30:59","modified_gmt":"2021-10-07T13:30:59","slug":"pele-mele-cette-semaine","status":"publish","type":"post","link":"https:\/\/lesnaturiales-salvagny.fr\/blog\/index.php\/2021\/10\/07\/pele-mele-cette-semaine\/","title":{"rendered":"P\u00eale-m\u00eale cette semaine"},"content":{"rendered":"\n<p style=\"text-align: justify;\"><strong>Les nouveaux Tourellois au jardin<br><\/strong>Samedi la mairie accueillait les nouveaux arrivants dans la commune : caf\u00e9 de bienvenue, prise de contact avec les membres du conseil municipal et d\u00e9couverte de la commune. Le Jardin de l\u2019An Mil \u00e9tait sur ce parcours et a permis de sympathiques \u00e9changes.<\/p>\n\n\n\n<figure class=\"wp-block-gallery columns-2 is-cropped\"><ul class=\"blocks-gallery-grid\"><li class=\"blocks-gallery-item\"><figure><a href=\"http:\/\/lesnaturiales-salvagny.fr\/blog\/wp-content\/uploads\/2021\/10\/01-arrivants.jpg\"><img loading=\"lazy\" width=\"1024\" height=\"461\" src=\"http:\/\/lesnaturiales-salvagny.fr\/blog\/wp-content\/uploads\/2021\/10\/01-arrivants-1024x461.jpg\" alt=\"\" data-id=\"2091\" data-full-url=\"http:\/\/lesnaturiales-salvagny.fr\/blog\/wp-content\/uploads\/2021\/10\/01-arrivants.jpg\" data-link=\"http:\/\/lesnaturiales-salvagny.fr\/blog\/01-arrivants\/\" class=\"wp-image-2091\" srcset=\"https:\/\/lesnaturiales-salvagny.fr\/blog\/wp-content\/uploads\/2021\/10\/01-arrivants-1024x461.jpg 1024w, https:\/\/lesnaturiales-salvagny.fr\/blog\/wp-content\/uploads\/2021\/10\/01-arrivants-300x135.jpg 300w, https:\/\/lesnaturiales-salvagny.fr\/blog\/wp-content\/uploads\/2021\/10\/01-arrivants-768x346.jpg 768w, https:\/\/lesnaturiales-salvagny.fr\/blog\/wp-content\/uploads\/2021\/10\/01-arrivants-1536x691.jpg 1536w, https:\/\/lesnaturiales-salvagny.fr\/blog\/wp-content\/uploads\/2021\/10\/01-arrivants-2048x922.jpg 2048w, https:\/\/lesnaturiales-salvagny.fr\/blog\/wp-content\/uploads\/2021\/10\/01-arrivants-1170x526.jpg 1170w\" sizes=\"(max-width: 1024px) 100vw, 1024px\" \/><\/a><\/figure><\/li><li class=\"blocks-gallery-item\"><figure><a href=\"http:\/\/lesnaturiales-salvagny.fr\/blog\/wp-content\/uploads\/2021\/10\/02-arrivants.jpg\"><img loading=\"lazy\" width=\"1024\" height=\"461\" src=\"http:\/\/lesnaturiales-salvagny.fr\/blog\/wp-content\/uploads\/2021\/10\/02-arrivants-1024x461.jpg\" alt=\"\" data-id=\"2092\" data-full-url=\"http:\/\/lesnaturiales-salvagny.fr\/blog\/wp-content\/uploads\/2021\/10\/02-arrivants.jpg\" data-link=\"http:\/\/lesnaturiales-salvagny.fr\/blog\/02-arrivants\/\" class=\"wp-image-2092\" srcset=\"https:\/\/lesnaturiales-salvagny.fr\/blog\/wp-content\/uploads\/2021\/10\/02-arrivants-1024x461.jpg 1024w, https:\/\/lesnaturiales-salvagny.fr\/blog\/wp-content\/uploads\/2021\/10\/02-arrivants-300x135.jpg 300w, https:\/\/lesnaturiales-salvagny.fr\/blog\/wp-content\/uploads\/2021\/10\/02-arrivants-768x346.jpg 768w, https:\/\/lesnaturiales-salvagny.fr\/blog\/wp-content\/uploads\/2021\/10\/02-arrivants-1536x691.jpg 1536w, https:\/\/lesnaturiales-salvagny.fr\/blog\/wp-content\/uploads\/2021\/10\/02-arrivants-2048x922.jpg 2048w, https:\/\/lesnaturiales-salvagny.fr\/blog\/wp-content\/uploads\/2021\/10\/02-arrivants-1170x526.jpg 1170w\" sizes=\"(max-width: 1024px) 100vw, 1024px\" \/><\/a><\/figure><\/li><\/ul><\/figure>\n\n\n\n<p style=\"text-align: justify;\"><strong>A vos objectifs <br><\/strong>Faites nous partager vos photos de r\u00e9coltes fruits et l\u00e9gumes. Elles seront publi\u00e9es sur le blog, et celle qui sera \u00e9lue par nos lecteurs sera r\u00e9compens\u00e9e. R\u00e8gles du jeu ci \u2013dessous<\/p>\n<p>&nbsp;<\/p>\n\n\n\n<figure class=\"wp-block-gallery columns-1 is-cropped\"><ul class=\"blocks-gallery-grid\"><li class=\"blocks-gallery-item\"><figure><a href=\"http:\/\/lesnaturiales-salvagny.fr\/blog\/wp-content\/uploads\/2021\/10\/03-regles-concours-1024x630.jpg\"><img loading=\"lazy\" width=\"1024\" height=\"630\" src=\"http:\/\/lesnaturiales-salvagny.fr\/blog\/wp-content\/uploads\/2021\/10\/03-regles-concours-1024x630.jpg\" alt=\"\" data-id=\"2093\" class=\"wp-image-2093\" srcset=\"https:\/\/lesnaturiales-salvagny.fr\/blog\/wp-content\/uploads\/2021\/10\/03-regles-concours-1024x630.jpg 1024w, https:\/\/lesnaturiales-salvagny.fr\/blog\/wp-content\/uploads\/2021\/10\/03-regles-concours-300x185.jpg 300w, https:\/\/lesnaturiales-salvagny.fr\/blog\/wp-content\/uploads\/2021\/10\/03-regles-concours-768x473.jpg 768w, https:\/\/lesnaturiales-salvagny.fr\/blog\/wp-content\/uploads\/2021\/10\/03-regles-concours-1170x720.jpg 1170w, https:\/\/lesnaturiales-salvagny.fr\/blog\/wp-content\/uploads\/2021\/10\/03-regles-concours.jpg 1368w\" sizes=\"(max-width: 1024px) 100vw, 1024px\" \/><\/a><\/figure><\/li><\/ul><\/figure>\n\n\n\n<p><strong>Et n\u2019oubliez pas : le troc truc vous attend du 05 au 12 Octobre au jardin d l\u2019An Mil<\/strong><\/p>\n\n\n\n<figure class=\"wp-block-gallery columns-1 is-cropped\"><ul class=\"blocks-gallery-grid\"><li class=\"blocks-gallery-item\"><figure><a href=\"http:\/\/lesnaturiales-salvagny.fr\/blog\/wp-content\/uploads\/2021\/10\/04-entree-troc-1024x461.jpg\"><img loading=\"lazy\" width=\"1024\" height=\"461\" src=\"http:\/\/lesnaturiales-salvagny.fr\/blog\/wp-content\/uploads\/2021\/10\/04-entree-troc-1024x461.jpg\" alt=\"\" data-id=\"2094\" class=\"wp-image-2094\" srcset=\"https:\/\/lesnaturiales-salvagny.fr\/blog\/wp-content\/uploads\/2021\/10\/04-entree-troc-1024x461.jpg 1024w, https:\/\/lesnaturiales-salvagny.fr\/blog\/wp-content\/uploads\/2021\/10\/04-entree-troc-300x135.jpg 300w, https:\/\/lesnaturiales-salvagny.fr\/blog\/wp-content\/uploads\/2021\/10\/04-entree-troc-768x345.jpg 768w, https:\/\/lesnaturiales-salvagny.fr\/blog\/wp-content\/uploads\/2021\/10\/04-entree-troc-1536x691.jpg 1536w, https:\/\/lesnaturiales-salvagny.fr\/blog\/wp-content\/uploads\/2021\/10\/04-entree-troc-2048x921.jpg 2048w, https:\/\/lesnaturiales-salvagny.fr\/blog\/wp-content\/uploads\/2021\/10\/04-entree-troc-1170x526.jpg 1170w\" sizes=\"(max-width: 1024px) 100vw, 1024px\" \/><\/a><\/figure><\/li><\/ul><\/figure>\n\n\n","protected":false},"excerpt":{"rendered":"<p>Les nouveaux Tourellois au jardinSamedi la mairie accueillait les nouveaux arrivants dans la commune : caf\u00e9 de bienvenue, prise de contact avec les membres du conseil municipal et d\u00e9couverte de la commune. Le Jardin de l\u2019An Mil \u00e9tait sur ce&hellip; <br \/><a class=\"read-more-button\" href=\"https:\/\/lesnaturiales-salvagny.fr\/blog\/index.php\/2021\/10\/07\/pele-mele-cette-semaine\/\">Savoir plus<\/a><\/p>\n","protected":false},"author":1,"featured_media":0,"comment_status":"open","ping_status":"open","sticky":false,"template":"","format":"standard","meta":[],"categories":[6],"tags":[],"_links":{"self":[{"href":"https:\/\/lesnaturiales-salvagny.fr\/blog\/index.php\/wp-json\/wp\/v2\/posts\/2087"}],"collection":[{"href":"https:\/\/lesnaturiales-salvagny.fr\/blog\/index.php\/wp-json\/wp\/v2\/posts"}],"about":[{"href":"https:\/\/lesnaturiales-salvagny.fr\/blog\/index.php\/wp-json\/wp\/v2\/types\/post"}],"author":[{"embeddable":true,"href":"https:\/\/lesnaturiales-salvagny.fr\/blog\/index.php\/wp-json\/wp\/v2\/users\/1"}],"replies":[{"embeddable":true,"href":"https:\/\/lesnaturiales-salvagny.fr\/blog\/index.php\/wp-json\/wp\/v2\/comments?post=2087"}],"version-history":[{"count":8,"href":"https:\/\/lesnaturiales-salvagny.fr\/blog\/index.php\/wp-json\/wp\/v2\/posts\/2087\/revisions"}],"predecessor-version":[{"id":2104,"href":"https:\/\/lesnaturiales-salvagny.fr\/blog\/index.php\/wp-json\/wp\/v2\/posts\/2087\/revisions\/2104"}],"wp:attachment":[{"href":"https:\/\/lesnaturiales-salvagny.fr\/blog\/index.php\/wp-json\/wp\/v2\/media?parent=2087"}],"wp:term":[{"taxonomy":"category","embeddable":true,"href":"https:\/\/lesnaturiales-salvagny.fr\/blog\/index.php\/wp-json\/wp\/v2\/categories?post=2087"},{"taxonomy":"post_tag","embeddable":true,"href":"https:\/\/lesnaturiales-salvagny.fr\/blog\/index.php\/wp-json\/wp\/v2\/tags?post=2087"}],"curies":[{"name":"wp","href":"https:\/\/api.w.org\/{rel}","templated":true}]}}