{"id":175,"date":"2016-06-12T15:22:30","date_gmt":"2016-06-12T14:22:30","guid":{"rendered":"http:\/\/lesnaturialestourdesalvagny.fr\/?p=175"},"modified":"2017-05-02T16:17:06","modified_gmt":"2017-05-02T15:17:06","slug":"un-pavot-a-adopter","status":"publish","type":"post","link":"https:\/\/lesnaturiales-salvagny.fr\/blog\/index.php\/2016\/06\/12\/un-pavot-a-adopter\/","title":{"rendered":"Un pavot \u00e0 adopter"},"content":{"rendered":"<p><img loading=\"lazy\" class=\"wp-image-182 alignleft\" src=\"http:\/\/lesnaturialestourdesalvagny.fr\/wp-content\/uploads\/2016\/06\/pavot-204x300.jpg\" alt=\"pavot\" width=\"168\" height=\"247\" srcset=\"https:\/\/lesnaturiales-salvagny.fr\/blog\/wp-content\/uploads\/2016\/06\/pavot-204x300.jpg 204w, https:\/\/lesnaturiales-salvagny.fr\/blog\/wp-content\/uploads\/2016\/06\/pavot.jpg 295w\" sizes=\"(max-width: 168px) 100vw, 168px\" \/><\/p>\n<p style=\"text-align: justify;\">J&rsquo;ai un grand et beau pavot (1,50m), je vais r\u00e9cup\u00e9rer les graines pour les donner \u00e0 qui en voudrait.<br \/>\nJe ne connais pas son nom, mais \u00e7a n&rsquo;enl\u00e8ve rien \u00e0 sa magnificence.<br \/>\nSi vous souhaitez faire une adoption de prog\u00e9niture \u00e0 venir :<\/p>\n<p style=\"text-align: center;\">lesnaturiales@free.fr<\/p>\n<p style=\"text-align: justify;\">Martine<\/p>\n","protected":false},"excerpt":{"rendered":"<p>J&rsquo;ai un grand et beau pavot (1,50m), je vais r\u00e9cup\u00e9rer les graines pour les donner \u00e0 qui en voudrait. Je ne connais pas son nom, mais \u00e7a n&rsquo;enl\u00e8ve rien \u00e0 sa magnificence. Si vous souhaitez faire une adoption de prog\u00e9niture&hellip; <br \/><a class=\"read-more-button\" href=\"https:\/\/lesnaturiales-salvagny.fr\/blog\/index.php\/2016\/06\/12\/un-pavot-a-adopter\/\">Savoir plus<\/a><\/p>\n","protected":false},"author":1,"featured_media":0,"comment_status":"open","ping_status":"open","sticky":false,"template":"","format":"standard","meta":[],"categories":[8],"tags":[],"_links":{"self":[{"href":"https:\/\/lesnaturiales-salvagny.fr\/blog\/index.php\/wp-json\/wp\/v2\/posts\/175"}],"collection":[{"href":"https:\/\/lesnaturiales-salvagny.fr\/blog\/index.php\/wp-json\/wp\/v2\/posts"}],"about":[{"href":"https:\/\/lesnaturiales-salvagny.fr\/blog\/index.php\/wp-json\/wp\/v2\/types\/post"}],"author":[{"embeddable":true,"href":"https:\/\/lesnaturiales-salvagny.fr\/blog\/index.php\/wp-json\/wp\/v2\/users\/1"}],"replies":[{"embeddable":true,"href":"https:\/\/lesnaturiales-salvagny.fr\/blog\/index.php\/wp-json\/wp\/v2\/comments?post=175"}],"version-history":[{"count":8,"href":"https:\/\/lesnaturiales-salvagny.fr\/blog\/index.php\/wp-json\/wp\/v2\/posts\/175\/revisions"}],"predecessor-version":[{"id":186,"href":"https:\/\/lesnaturiales-salvagny.fr\/blog\/index.php\/wp-json\/wp\/v2\/posts\/175\/revisions\/186"}],"wp:attachment":[{"href":"https:\/\/lesnaturiales-salvagny.fr\/blog\/index.php\/wp-json\/wp\/v2\/media?parent=175"}],"wp:term":[{"taxonomy":"category","embeddable":true,"href":"https:\/\/lesnaturiales-salvagny.fr\/blog\/index.php\/wp-json\/wp\/v2\/categories?post=175"},{"taxonomy":"post_tag","embeddable":true,"href":"https:\/\/lesnaturiales-salvagny.fr\/blog\/index.php\/wp-json\/wp\/v2\/tags?post=175"}],"curies":[{"name":"wp","href":"https:\/\/api.w.org\/{rel}","templated":true}]}}