{"id":6926,"date":"2026-09-02T07:26:28","date_gmt":"2026-09-02T06:26:28","guid":{"rendered":"https:\/\/lesnaturiales-salvagny.fr\/blog\/?p=6926"},"modified":"2026-09-02T07:26:28","modified_gmt":"2026-09-02T06:26:28","slug":"forum-2026","status":"publish","type":"post","link":"http:\/\/lesnaturiales-salvagny.fr\/blog\/index.php\/2026\/09\/02\/forum-2026\/","title":{"rendered":"Forum 2026"},"content":{"rendered":"\n\n\n<p>Bonjour, , les vacances se terminent et voici la reprise des activit\u00e9s qui se profile.<\/p>\n<p>Le blog vous accueille en vous invitant au Forum des Associations samedi 5 septembre \u00e0 partir de 14 h. Nous vous y pr\u00e9senterons&nbsp; le&nbsp; programme 2026-2027 des Naturiales.<\/p>\n<p>Pensez \u00e0 renouveler votre adh\u00e9sion pour ce nouvel exercice 2026-2027.<\/p>\n<p>&nbsp;<\/p>\n\n\n\n\n\n<figure class=\"wp-block-image size-large\"><img loading=\"lazy\" decoding=\"async\" width=\"911\" height=\"1024\" src=\"http:\/\/lesnaturiales-salvagny.fr\/blog\/wp-content\/uploads\/2026\/08\/Bulletin-adhesion-2027-911x1024.jpg\" alt=\"\" class=\"wp-image-6932\" srcset=\"http:\/\/lesnaturiales-salvagny.fr\/blog\/wp-content\/uploads\/2026\/08\/Bulletin-adhesion-2027-911x1024.jpg 911w, http:\/\/lesnaturiales-salvagny.fr\/blog\/wp-content\/uploads\/2026\/08\/Bulletin-adhesion-2027-267x300.jpg 267w, http:\/\/lesnaturiales-salvagny.fr\/blog\/wp-content\/uploads\/2026\/08\/Bulletin-adhesion-2027-768x863.jpg 768w, http:\/\/lesnaturiales-salvagny.fr\/blog\/wp-content\/uploads\/2026\/08\/Bulletin-adhesion-2027-1367x1536.jpg 1367w, http:\/\/lesnaturiales-salvagny.fr\/blog\/wp-content\/uploads\/2026\/08\/Bulletin-adhesion-2027-1822x2048.jpg 1822w, http:\/\/lesnaturiales-salvagny.fr\/blog\/wp-content\/uploads\/2026\/08\/Bulletin-adhesion-2027-1170x1315.jpg 1170w\" sizes=\"auto, (max-width: 911px) 100vw, 911px\" \/><\/figure>\n\n\n\n\n\n<figure class=\"wp-block-image size-large\"><img loading=\"lazy\" decoding=\"async\" width=\"1024\" height=\"494\" src=\"http:\/\/lesnaturiales-salvagny.fr\/blog\/wp-content\/uploads\/2026\/08\/RIB-Naturiales-1024x494.jpg\" alt=\"\" class=\"wp-image-6931\" srcset=\"http:\/\/lesnaturiales-salvagny.fr\/blog\/wp-content\/uploads\/2026\/08\/RIB-Naturiales-1024x494.jpg 1024w, http:\/\/lesnaturiales-salvagny.fr\/blog\/wp-content\/uploads\/2026\/08\/RIB-Naturiales-300x145.jpg 300w, http:\/\/lesnaturiales-salvagny.fr\/blog\/wp-content\/uploads\/2026\/08\/RIB-Naturiales-768x370.jpg 768w, http:\/\/lesnaturiales-salvagny.fr\/blog\/wp-content\/uploads\/2026\/08\/RIB-Naturiales-1170x564.jpg 1170w, http:\/\/lesnaturiales-salvagny.fr\/blog\/wp-content\/uploads\/2026\/08\/RIB-Naturiales.jpg 1414w\" sizes=\"auto, (max-width: 1024px) 100vw, 1024px\" \/><\/figure>\n","protected":false},"excerpt":{"rendered":"<p>Bonjour, , les vacances se terminent et voici la reprise des activit\u00e9s qui se profile. Le blog vous accueille en vous invitant au Forum des Associations samedi 5 septembre \u00e0 partir de 14 h. Nous vous y pr\u00e9senterons&nbsp; le&nbsp; programme&hellip; <br \/><a class=\"read-more-button\" href=\"http:\/\/lesnaturiales-salvagny.fr\/blog\/index.php\/2026\/09\/02\/forum-2026\/\">Savoir plus<\/a><\/p>\n","protected":false},"author":1,"featured_media":0,"comment_status":"open","ping_status":"open","sticky":false,"template":"","format":"standard","meta":{"footnotes":""},"categories":[17],"tags":[],"class_list":["post-6926","post","type-post","status-publish","format-standard","hentry","category-espace-adherents"],"_links":{"self":[{"href":"http:\/\/lesnaturiales-salvagny.fr\/blog\/index.php\/wp-json\/wp\/v2\/posts\/6926","targetHints":{"allow":["GET"]}}],"collection":[{"href":"http:\/\/lesnaturiales-salvagny.fr\/blog\/index.php\/wp-json\/wp\/v2\/posts"}],"about":[{"href":"http:\/\/lesnaturiales-salvagny.fr\/blog\/index.php\/wp-json\/wp\/v2\/types\/post"}],"author":[{"embeddable":true,"href":"http:\/\/lesnaturiales-salvagny.fr\/blog\/index.php\/wp-json\/wp\/v2\/users\/1"}],"replies":[{"embeddable":true,"href":"http:\/\/lesnaturiales-salvagny.fr\/blog\/index.php\/wp-json\/wp\/v2\/comments?post=6926"}],"version-history":[{"count":4,"href":"http:\/\/lesnaturiales-salvagny.fr\/blog\/index.php\/wp-json\/wp\/v2\/posts\/6926\/revisions"}],"predecessor-version":[{"id":6935,"href":"http:\/\/lesnaturiales-salvagny.fr\/blog\/index.php\/wp-json\/wp\/v2\/posts\/6926\/revisions\/6935"}],"wp:attachment":[{"href":"http:\/\/lesnaturiales-salvagny.fr\/blog\/index.php\/wp-json\/wp\/v2\/media?parent=6926"}],"wp:term":[{"taxonomy":"category","embeddable":true,"href":"http:\/\/lesnaturiales-salvagny.fr\/blog\/index.php\/wp-json\/wp\/v2\/categories?post=6926"},{"taxonomy":"post_tag","embeddable":true,"href":"http:\/\/lesnaturiales-salvagny.fr\/blog\/index.php\/wp-json\/wp\/v2\/tags?post=6926"}],"curies":[{"name":"wp","href":"https:\/\/api.w.org\/{rel}","templated":true}]}}