{"id":6036,"date":"2025-10-16T07:32:14","date_gmt":"2025-10-16T06:32:14","guid":{"rendered":"http:\/\/lesnaturiales-salvagny.fr\/blog\/?p=6036"},"modified":"2025-10-24T09:12:07","modified_gmt":"2025-10-24T08:12:07","slug":"le-concours-dart-floral-2025","status":"publish","type":"post","link":"http:\/\/lesnaturiales-salvagny.fr\/blog\/index.php\/2025\/10\/16\/le-concours-dart-floral-2025\/","title":{"rendered":"Le concours d&rsquo;Art floral 2025"},"content":{"rendered":"\n<p style=\"margin: 0cm 0cm 0.0001pt; text-align: justify;\">Quelle chance cette ann\u00e9e ! Le 5 octobre, nous avons f\u00eat\u00e9 Ste Fleur, patronne des fleuristes pour le concours d&rsquo;Art floral.<\/p>\n<p style=\"text-align: justify;\">\u00a0La salle du pesage d\u00e9cor\u00e9e avec go\u00fbt et passion\u00a0 par nos b\u00e9n\u00e9voles a accueilli les\u00a0 compositions florales de nos fid\u00e8les fleuristes du vendredi au dimanche soir .<br \/>Cette 14<sup>\u00e9me<\/sup> \u00e9dition sur le th\u00e8me \u00ab\u00a0<strong>les oiseaux de nos haies<\/strong>\u00a0\u00bb nous d\u00e9montre encore une fois le professionnalisme, le savoir-faire, la dext\u00e9rit\u00e9\u00a0 de cette profession.<\/p>\n<p style=\"text-align: justify;\">Dimanche, le jury compos\u00e9 de 3 personnes : Ir\u00e8ne Rolland pr\u00e9sidente de l\u2019Art floral du Rh\u00f4ne assist\u00e9e d&rsquo; Emmanuel Dart et de Claire Erny professeur d&rsquo;Art floral \u00e0 Grenoble nous a d\u00e9voil\u00e9 vers 16 h les 3 laur\u00e9ats et remis les prix d\u00e9cern\u00e9s :\u00a0<br \/>&#8211; 1<sup>er<\/sup> prix : 300\u20ac\u00a0\u00a0\u00a0\u00a0\u00a0\u00a0\u00a0 Gailleton fleurs<br \/>&#8211; 2<sup>\u00e9me <\/sup>prix : 200\u20ac\u00a0\u00a0\u00a0\u00a0 La Tour fleurie<br \/>&#8211; 3<sup>\u00e9me<\/sup> prix\u00a0 :100\u20ac\u00a0\u00a0\u00a0 Le Chardon bleu<\/p>\n<p>\u00a0<\/p>\n\n\n\n<figure class=\"wp-block-gallery columns-1 is-cropped\"><ul class=\"blocks-gallery-grid\"><li class=\"blocks-gallery-item\"><figure><img loading=\"lazy\" width=\"1024\" height=\"683\" src=\"http:\/\/lesnaturiales-salvagny.fr\/blog\/wp-content\/uploads\/2025\/10\/IMG_4469-1024x683.jpg\" alt=\"\" data-id=\"6048\" data-full-url=\"http:\/\/lesnaturiales-salvagny.fr\/blog\/wp-content\/uploads\/2025\/10\/IMG_4469.jpg\" data-link=\"http:\/\/lesnaturiales-salvagny.fr\/blog\/img_4469\/\" class=\"wp-image-6048\" srcset=\"http:\/\/lesnaturiales-salvagny.fr\/blog\/wp-content\/uploads\/2025\/10\/IMG_4469-1024x683.jpg 1024w, http:\/\/lesnaturiales-salvagny.fr\/blog\/wp-content\/uploads\/2025\/10\/IMG_4469-300x200.jpg 300w, http:\/\/lesnaturiales-salvagny.fr\/blog\/wp-content\/uploads\/2025\/10\/IMG_4469-768x512.jpg 768w, http:\/\/lesnaturiales-salvagny.fr\/blog\/wp-content\/uploads\/2025\/10\/IMG_4469-1536x1024.jpg 1536w, http:\/\/lesnaturiales-salvagny.fr\/blog\/wp-content\/uploads\/2025\/10\/IMG_4469-2048x1365.jpg 2048w, http:\/\/lesnaturiales-salvagny.fr\/blog\/wp-content\/uploads\/2025\/10\/IMG_4469-1170x780.jpg 1170w\" sizes=\"(max-width: 1024px) 100vw, 1024px\" \/><figcaption class=\"blocks-gallery-item__caption\">Le jury en plein  travail<\/figcaption><\/figure><\/li><\/ul><\/figure>\n\n\n\n<figure class=\"wp-block-gallery columns-1 is-cropped\"><ul class=\"blocks-gallery-grid\"><li class=\"blocks-gallery-item\"><figure><img loading=\"lazy\" width=\"1024\" height=\"683\" src=\"http:\/\/lesnaturiales-salvagny.fr\/blog\/wp-content\/uploads\/2025\/10\/9-Gailleton-1024x683.jpg\" alt=\"\" data-id=\"6046\" data-full-url=\"http:\/\/lesnaturiales-salvagny.fr\/blog\/wp-content\/uploads\/2025\/10\/9-Gailleton.jpg\" data-link=\"http:\/\/lesnaturiales-salvagny.fr\/blog\/9-gailleton\/\" class=\"wp-image-6046\" srcset=\"http:\/\/lesnaturiales-salvagny.fr\/blog\/wp-content\/uploads\/2025\/10\/9-Gailleton-1024x683.jpg 1024w, http:\/\/lesnaturiales-salvagny.fr\/blog\/wp-content\/uploads\/2025\/10\/9-Gailleton-300x200.jpg 300w, http:\/\/lesnaturiales-salvagny.fr\/blog\/wp-content\/uploads\/2025\/10\/9-Gailleton-768x512.jpg 768w, http:\/\/lesnaturiales-salvagny.fr\/blog\/wp-content\/uploads\/2025\/10\/9-Gailleton-1536x1024.jpg 1536w, http:\/\/lesnaturiales-salvagny.fr\/blog\/wp-content\/uploads\/2025\/10\/9-Gailleton-2048x1365.jpg 2048w, http:\/\/lesnaturiales-salvagny.fr\/blog\/wp-content\/uploads\/2025\/10\/9-Gailleton-1170x780.jpg 1170w\" sizes=\"(max-width: 1024px) 100vw, 1024px\" \/><figcaption class=\"blocks-gallery-item__caption\"><strong>1er prix<\/strong><br><strong>            GAILLETON FLEURS<\/strong>       69290  Gr\u00e9zieu la Varenne   04 78 57 13 62<\/figcaption><\/figure><\/li><\/ul><\/figure>\n\n\n\n<p><\/p>\n\n\n\n<figure class=\"wp-block-gallery columns-1 is-cropped\"><ul class=\"blocks-gallery-grid\"><li class=\"blocks-gallery-item\"><figure><img loading=\"lazy\" width=\"1024\" height=\"683\" src=\"http:\/\/lesnaturiales-salvagny.fr\/blog\/wp-content\/uploads\/2025\/10\/2-Tour-fleurie-1024x683.jpg\" alt=\"\" data-id=\"6039\" data-full-url=\"http:\/\/lesnaturiales-salvagny.fr\/blog\/wp-content\/uploads\/2025\/10\/2-Tour-fleurie.jpg\" data-link=\"http:\/\/lesnaturiales-salvagny.fr\/blog\/2-tour-fleurie\/\" class=\"wp-image-6039\" srcset=\"http:\/\/lesnaturiales-salvagny.fr\/blog\/wp-content\/uploads\/2025\/10\/2-Tour-fleurie-1024x683.jpg 1024w, http:\/\/lesnaturiales-salvagny.fr\/blog\/wp-content\/uploads\/2025\/10\/2-Tour-fleurie-300x200.jpg 300w, http:\/\/lesnaturiales-salvagny.fr\/blog\/wp-content\/uploads\/2025\/10\/2-Tour-fleurie-768x512.jpg 768w, http:\/\/lesnaturiales-salvagny.fr\/blog\/wp-content\/uploads\/2025\/10\/2-Tour-fleurie-1536x1024.jpg 1536w, http:\/\/lesnaturiales-salvagny.fr\/blog\/wp-content\/uploads\/2025\/10\/2-Tour-fleurie-2048x1365.jpg 2048w, http:\/\/lesnaturiales-salvagny.fr\/blog\/wp-content\/uploads\/2025\/10\/2-Tour-fleurie-1170x780.jpg 1170w\" sizes=\"(max-width: 1024px) 100vw, 1024px\" \/><figcaption class=\"blocks-gallery-item__caption\">2\u00e9me prix   <br>LA TOUR FLEURIE 04 78 51 65 77<\/figcaption><\/figure><\/li><\/ul><\/figure>\n\n\n\n\n\n<figure class=\"wp-block-gallery columns-1 is-cropped\"><ul class=\"blocks-gallery-grid\"><li class=\"blocks-gallery-item\"><figure><img loading=\"lazy\" width=\"1536\" height=\"2304\" src=\"https:\/\/lesnaturiales-salvagny.fr\/blog\/wp-content\/uploads\/2025\/10\/1-Chardon-bleu.jpg\" alt=\"\" data-id=\"6038\" data-full-url=\"http:\/\/lesnaturiales-salvagny.fr\/blog\/wp-content\/uploads\/2025\/10\/1-Chardon-bleu.jpg\" data-link=\"http:\/\/lesnaturiales-salvagny.fr\/blog\/1-chardon-bleu\/\" class=\"wp-image-6038\" srcset=\"http:\/\/lesnaturiales-salvagny.fr\/blog\/wp-content\/uploads\/2025\/10\/1-Chardon-bleu.jpg 1536w, http:\/\/lesnaturiales-salvagny.fr\/blog\/wp-content\/uploads\/2025\/10\/1-Chardon-bleu-200x300.jpg 200w, http:\/\/lesnaturiales-salvagny.fr\/blog\/wp-content\/uploads\/2025\/10\/1-Chardon-bleu-683x1024.jpg 683w, http:\/\/lesnaturiales-salvagny.fr\/blog\/wp-content\/uploads\/2025\/10\/1-Chardon-bleu-768x1152.jpg 768w, http:\/\/lesnaturiales-salvagny.fr\/blog\/wp-content\/uploads\/2025\/10\/1-Chardon-bleu-1024x1536.jpg 1024w, http:\/\/lesnaturiales-salvagny.fr\/blog\/wp-content\/uploads\/2025\/10\/1-Chardon-bleu-1365x2048.jpg 1365w, http:\/\/lesnaturiales-salvagny.fr\/blog\/wp-content\/uploads\/2025\/10\/1-Chardon-bleu-1170x1755.jpg 1170w\" sizes=\"(max-width: 1536px) 100vw, 1536px\" \/><figcaption class=\"blocks-gallery-item__caption\"><strong>3\u00e9me prix  <\/strong><br><strong>LE CHARDON BLEU<\/strong>  69570 Dardilly  04 78 35 54 80<\/figcaption><\/figure><\/li><\/ul><\/figure>\n\n\n\n\n\n<figure class=\"wp-block-gallery columns-1 is-cropped\"><ul class=\"blocks-gallery-grid\"><li class=\"blocks-gallery-item\"><figure><img loading=\"lazy\" width=\"1536\" height=\"2304\" src=\"https:\/\/lesnaturiales-salvagny.fr\/blog\/wp-content\/uploads\/2025\/10\/3-Demoiselles.jpg\" alt=\"\" data-id=\"6040\" data-link=\"http:\/\/lesnaturiales-salvagny.fr\/blog\/3-demoiselles\/\" class=\"wp-image-6040\" srcset=\"http:\/\/lesnaturiales-salvagny.fr\/blog\/wp-content\/uploads\/2025\/10\/3-Demoiselles.jpg 1536w, http:\/\/lesnaturiales-salvagny.fr\/blog\/wp-content\/uploads\/2025\/10\/3-Demoiselles-200x300.jpg 200w, http:\/\/lesnaturiales-salvagny.fr\/blog\/wp-content\/uploads\/2025\/10\/3-Demoiselles-683x1024.jpg 683w, http:\/\/lesnaturiales-salvagny.fr\/blog\/wp-content\/uploads\/2025\/10\/3-Demoiselles-768x1152.jpg 768w, http:\/\/lesnaturiales-salvagny.fr\/blog\/wp-content\/uploads\/2025\/10\/3-Demoiselles-1024x1536.jpg 1024w, http:\/\/lesnaturiales-salvagny.fr\/blog\/wp-content\/uploads\/2025\/10\/3-Demoiselles-1365x2048.jpg 1365w, http:\/\/lesnaturiales-salvagny.fr\/blog\/wp-content\/uploads\/2025\/10\/3-Demoiselles-1170x1755.jpg 1170w\" sizes=\"(max-width: 1536px) 100vw, 1536px\" \/><figcaption class=\"blocks-gallery-item__caption\"><strong>LES DEMOISELLES DE FLEURS<\/strong>    69280  Marcy l&rsquo;Etoile  06 87 12 71 49<\/figcaption><\/figure><\/li><\/ul><\/figure>\n\n\n\n\n\n<figure class=\"wp-block-gallery columns-1 is-cropped\"><ul class=\"blocks-gallery-grid\"><li class=\"blocks-gallery-item\"><figure><img loading=\"lazy\" width=\"683\" height=\"1024\" src=\"http:\/\/lesnaturiales-salvagny.fr\/blog\/wp-content\/uploads\/2025\/10\/4-Carre-fleurs-683x1024.jpg\" alt=\"\" data-id=\"6041\" data-full-url=\"http:\/\/lesnaturiales-salvagny.fr\/blog\/wp-content\/uploads\/2025\/10\/4-Carre-fleurs.jpg\" data-link=\"http:\/\/lesnaturiales-salvagny.fr\/blog\/4-carre-fleurs\/\" class=\"wp-image-6041\" srcset=\"http:\/\/lesnaturiales-salvagny.fr\/blog\/wp-content\/uploads\/2025\/10\/4-Carre-fleurs-683x1024.jpg 683w, http:\/\/lesnaturiales-salvagny.fr\/blog\/wp-content\/uploads\/2025\/10\/4-Carre-fleurs-200x300.jpg 200w, http:\/\/lesnaturiales-salvagny.fr\/blog\/wp-content\/uploads\/2025\/10\/4-Carre-fleurs-768x1152.jpg 768w, http:\/\/lesnaturiales-salvagny.fr\/blog\/wp-content\/uploads\/2025\/10\/4-Carre-fleurs-1024x1536.jpg 1024w, http:\/\/lesnaturiales-salvagny.fr\/blog\/wp-content\/uploads\/2025\/10\/4-Carre-fleurs-1365x2048.jpg 1365w, http:\/\/lesnaturiales-salvagny.fr\/blog\/wp-content\/uploads\/2025\/10\/4-Carre-fleurs-1170x1755.jpg 1170w, http:\/\/lesnaturiales-salvagny.fr\/blog\/wp-content\/uploads\/2025\/10\/4-Carre-fleurs.jpg 1536w\" sizes=\"(max-width: 683px) 100vw, 683px\" \/><figcaption class=\"blocks-gallery-item__caption\"><strong>CARRE FLEURS TASSIN<\/strong>  69160  Tassin la Demi Lune  04 72 19 67 67<\/figcaption><\/figure><\/li><\/ul><\/figure>\n\n\n\n<figure class=\"wp-block-gallery columns-1 is-cropped\"><ul class=\"blocks-gallery-grid\"><li class=\"blocks-gallery-item\"><figure><img loading=\"lazy\" width=\"1024\" height=\"683\" src=\"http:\/\/lesnaturiales-salvagny.fr\/blog\/wp-content\/uploads\/2025\/10\/5-La-Fleuriste-1024x683.jpg\" alt=\"\" data-id=\"6042\" data-full-url=\"http:\/\/lesnaturiales-salvagny.fr\/blog\/wp-content\/uploads\/2025\/10\/5-La-Fleuriste.jpg\" data-link=\"http:\/\/lesnaturiales-salvagny.fr\/blog\/5-la-fleuriste\/\" class=\"wp-image-6042\" srcset=\"http:\/\/lesnaturiales-salvagny.fr\/blog\/wp-content\/uploads\/2025\/10\/5-La-Fleuriste-1024x683.jpg 1024w, http:\/\/lesnaturiales-salvagny.fr\/blog\/wp-content\/uploads\/2025\/10\/5-La-Fleuriste-300x200.jpg 300w, http:\/\/lesnaturiales-salvagny.fr\/blog\/wp-content\/uploads\/2025\/10\/5-La-Fleuriste-768x512.jpg 768w, http:\/\/lesnaturiales-salvagny.fr\/blog\/wp-content\/uploads\/2025\/10\/5-La-Fleuriste-1536x1024.jpg 1536w, http:\/\/lesnaturiales-salvagny.fr\/blog\/wp-content\/uploads\/2025\/10\/5-La-Fleuriste-2048x1365.jpg 2048w, http:\/\/lesnaturiales-salvagny.fr\/blog\/wp-content\/uploads\/2025\/10\/5-La-Fleuriste-1170x780.jpg 1170w\" sizes=\"(max-width: 1024px) 100vw, 1024px\" \/><figcaption class=\"blocks-gallery-item__caption\"><strong>LA FLEURISTE<\/strong>  69260 Charbonni\u00e8res les Bains  04 78 44 28 44<\/figcaption><\/figure><\/li><\/ul><\/figure>\n\n\n\n\n\n<figure class=\"wp-block-gallery columns-1 is-cropped\"><ul class=\"blocks-gallery-grid\"><li class=\"blocks-gallery-item\"><figure><img loading=\"lazy\" width=\"683\" height=\"1024\" src=\"http:\/\/lesnaturiales-salvagny.fr\/blog\/wp-content\/uploads\/2025\/10\/6-Coquelicath-683x1024.jpg\" alt=\"\" data-id=\"6043\" data-full-url=\"http:\/\/lesnaturiales-salvagny.fr\/blog\/wp-content\/uploads\/2025\/10\/6-Coquelicath.jpg\" data-link=\"http:\/\/lesnaturiales-salvagny.fr\/blog\/6-coquelicath\/\" class=\"wp-image-6043\" srcset=\"http:\/\/lesnaturiales-salvagny.fr\/blog\/wp-content\/uploads\/2025\/10\/6-Coquelicath-683x1024.jpg 683w, http:\/\/lesnaturiales-salvagny.fr\/blog\/wp-content\/uploads\/2025\/10\/6-Coquelicath-200x300.jpg 200w, http:\/\/lesnaturiales-salvagny.fr\/blog\/wp-content\/uploads\/2025\/10\/6-Coquelicath-768x1152.jpg 768w, http:\/\/lesnaturiales-salvagny.fr\/blog\/wp-content\/uploads\/2025\/10\/6-Coquelicath-1024x1536.jpg 1024w, http:\/\/lesnaturiales-salvagny.fr\/blog\/wp-content\/uploads\/2025\/10\/6-Coquelicath-1365x2048.jpg 1365w, http:\/\/lesnaturiales-salvagny.fr\/blog\/wp-content\/uploads\/2025\/10\/6-Coquelicath-1170x1755.jpg 1170w, http:\/\/lesnaturiales-salvagny.fr\/blog\/wp-content\/uploads\/2025\/10\/6-Coquelicath.jpg 1536w\" sizes=\"(max-width: 683px) 100vw, 683px\" \/><figcaption class=\"blocks-gallery-item__caption\">COQUELI&rsquo;CATH 69600 Oullins  04 78 51 11 18<\/figcaption><\/figure><\/li><\/ul><\/figure>\n\n\n\n\n\n<figure class=\"wp-block-gallery columns-1 is-cropped\"><ul class=\"blocks-gallery-grid\"><li class=\"blocks-gallery-item\"><figure><img loading=\"lazy\" width=\"683\" height=\"1024\" src=\"http:\/\/lesnaturiales-salvagny.fr\/blog\/wp-content\/uploads\/2025\/10\/8-Secret-fleur-683x1024.jpg\" alt=\"\" data-id=\"6045\" data-full-url=\"http:\/\/lesnaturiales-salvagny.fr\/blog\/wp-content\/uploads\/2025\/10\/8-Secret-fleur.jpg\" data-link=\"http:\/\/lesnaturiales-salvagny.fr\/blog\/8-secret-fleur\/\" class=\"wp-image-6045\" srcset=\"http:\/\/lesnaturiales-salvagny.fr\/blog\/wp-content\/uploads\/2025\/10\/8-Secret-fleur-683x1024.jpg 683w, http:\/\/lesnaturiales-salvagny.fr\/blog\/wp-content\/uploads\/2025\/10\/8-Secret-fleur-200x300.jpg 200w, http:\/\/lesnaturiales-salvagny.fr\/blog\/wp-content\/uploads\/2025\/10\/8-Secret-fleur-768x1152.jpg 768w, http:\/\/lesnaturiales-salvagny.fr\/blog\/wp-content\/uploads\/2025\/10\/8-Secret-fleur-1024x1536.jpg 1024w, http:\/\/lesnaturiales-salvagny.fr\/blog\/wp-content\/uploads\/2025\/10\/8-Secret-fleur-1365x2048.jpg 1365w, http:\/\/lesnaturiales-salvagny.fr\/blog\/wp-content\/uploads\/2025\/10\/8-Secret-fleur-1170x1755.jpg 1170w, http:\/\/lesnaturiales-salvagny.fr\/blog\/wp-content\/uploads\/2025\/10\/8-Secret-fleur.jpg 1536w\" sizes=\"(max-width: 683px) 100vw, 683px\" \/><figcaption class=\"blocks-gallery-item__caption\"><strong>SECRET D&rsquo;UNE FLEUR<\/strong>  69009 Lyon  04 78 83 68 19<\/figcaption><\/figure><\/li><\/ul><\/figure>\n\n\n\n\n\n<p><strong>Le coup de coeur des visiteurs<\/strong>,&nbsp; votants : 423<br>re\u00e7oit l&rsquo;oiseau imaginaire attribu\u00e9 \u00e0 : Juliette FAYOLLE<br><br><\/p>\n\n\n\n<figure class=\"wp-block-gallery columns-1 is-cropped\"><ul class=\"blocks-gallery-grid\"><li class=\"blocks-gallery-item\"><figure><img loading=\"lazy\" width=\"683\" height=\"1024\" src=\"http:\/\/lesnaturiales-salvagny.fr\/blog\/wp-content\/uploads\/2025\/10\/7-Fayolle-683x1024.jpg\" alt=\"\" data-id=\"6044\" data-full-url=\"http:\/\/lesnaturiales-salvagny.fr\/blog\/wp-content\/uploads\/2025\/10\/7-Fayolle.jpg\" data-link=\"http:\/\/lesnaturiales-salvagny.fr\/blog\/7-fayolle\/\" class=\"wp-image-6044\" srcset=\"http:\/\/lesnaturiales-salvagny.fr\/blog\/wp-content\/uploads\/2025\/10\/7-Fayolle-683x1024.jpg 683w, http:\/\/lesnaturiales-salvagny.fr\/blog\/wp-content\/uploads\/2025\/10\/7-Fayolle-200x300.jpg 200w, http:\/\/lesnaturiales-salvagny.fr\/blog\/wp-content\/uploads\/2025\/10\/7-Fayolle-768x1152.jpg 768w, http:\/\/lesnaturiales-salvagny.fr\/blog\/wp-content\/uploads\/2025\/10\/7-Fayolle-1024x1536.jpg 1024w, http:\/\/lesnaturiales-salvagny.fr\/blog\/wp-content\/uploads\/2025\/10\/7-Fayolle-1365x2048.jpg 1365w, http:\/\/lesnaturiales-salvagny.fr\/blog\/wp-content\/uploads\/2025\/10\/7-Fayolle-1170x1755.jpg 1170w, http:\/\/lesnaturiales-salvagny.fr\/blog\/wp-content\/uploads\/2025\/10\/7-Fayolle.jpg 1536w\" sizes=\"(max-width: 683px) 100vw, 683px\" \/><figcaption class=\"blocks-gallery-item__caption\"><strong>FAYOLLE FLEURS<\/strong>  69570 Dardilly   04 78 33 52 55<\/figcaption><\/figure><\/li><\/ul><\/figure>\n\n\n\n\n\n<figure class=\"wp-block-gallery columns-2 is-cropped\"><ul class=\"blocks-gallery-grid\"><li class=\"blocks-gallery-item\"><figure><a href=\"http:\/\/lesnaturiales-salvagny.fr\/blog\/wp-content\/uploads\/2025\/10\/IMG_4339.jpg\"><img loading=\"lazy\" width=\"1024\" height=\"683\" src=\"http:\/\/lesnaturiales-salvagny.fr\/blog\/wp-content\/uploads\/2025\/10\/IMG_4339-1024x683.jpg\" alt=\"\" data-id=\"6073\" data-full-url=\"http:\/\/lesnaturiales-salvagny.fr\/blog\/wp-content\/uploads\/2025\/10\/IMG_4339.jpg\" data-link=\"http:\/\/lesnaturiales-salvagny.fr\/blog\/img_4339\/\" class=\"wp-image-6073\" srcset=\"http:\/\/lesnaturiales-salvagny.fr\/blog\/wp-content\/uploads\/2025\/10\/IMG_4339-1024x683.jpg 1024w, http:\/\/lesnaturiales-salvagny.fr\/blog\/wp-content\/uploads\/2025\/10\/IMG_4339-300x200.jpg 300w, http:\/\/lesnaturiales-salvagny.fr\/blog\/wp-content\/uploads\/2025\/10\/IMG_4339-768x512.jpg 768w, http:\/\/lesnaturiales-salvagny.fr\/blog\/wp-content\/uploads\/2025\/10\/IMG_4339-1536x1024.jpg 1536w, http:\/\/lesnaturiales-salvagny.fr\/blog\/wp-content\/uploads\/2025\/10\/IMG_4339-2048x1365.jpg 2048w, http:\/\/lesnaturiales-salvagny.fr\/blog\/wp-content\/uploads\/2025\/10\/IMG_4339-1170x780.jpg 1170w\" sizes=\"(max-width: 1024px) 100vw, 1024px\" \/><\/a><\/figure><\/li><li class=\"blocks-gallery-item\"><figure><a href=\"http:\/\/lesnaturiales-salvagny.fr\/blog\/wp-content\/uploads\/2025\/10\/IMG_4446.jpg\"><img loading=\"lazy\" width=\"1024\" height=\"683\" src=\"http:\/\/lesnaturiales-salvagny.fr\/blog\/wp-content\/uploads\/2025\/10\/IMG_4446-1024x683.jpg\" alt=\"\" data-id=\"6074\" data-full-url=\"http:\/\/lesnaturiales-salvagny.fr\/blog\/wp-content\/uploads\/2025\/10\/IMG_4446.jpg\" data-link=\"http:\/\/lesnaturiales-salvagny.fr\/blog\/img_4446\/\" class=\"wp-image-6074\" srcset=\"http:\/\/lesnaturiales-salvagny.fr\/blog\/wp-content\/uploads\/2025\/10\/IMG_4446-1024x683.jpg 1024w, http:\/\/lesnaturiales-salvagny.fr\/blog\/wp-content\/uploads\/2025\/10\/IMG_4446-300x200.jpg 300w, http:\/\/lesnaturiales-salvagny.fr\/blog\/wp-content\/uploads\/2025\/10\/IMG_4446-768x512.jpg 768w, http:\/\/lesnaturiales-salvagny.fr\/blog\/wp-content\/uploads\/2025\/10\/IMG_4446-1536x1024.jpg 1536w, http:\/\/lesnaturiales-salvagny.fr\/blog\/wp-content\/uploads\/2025\/10\/IMG_4446-2048x1365.jpg 2048w, http:\/\/lesnaturiales-salvagny.fr\/blog\/wp-content\/uploads\/2025\/10\/IMG_4446-1170x780.jpg 1170w\" sizes=\"(max-width: 1024px) 100vw, 1024px\" \/><\/a><\/figure><\/li><\/ul><\/figure>\n\n\n\n<p style=\"text-align: justify;\">\u00ab\u00a0Piano plume\u00a0\u00bb cl\u00f4tura\u00a0 cette belle journ\u00e9e ensoleill\u00e9e par les chants des oiseaux.<\/p>\n<p>\u00a0<\/p>\n<p>\u00a0<\/p>\n","protected":false},"excerpt":{"rendered":"<p>Quelle chance cette ann\u00e9e ! Le 5 octobre, nous avons f\u00eat\u00e9 Ste Fleur, patronne des fleuristes pour le concours d&rsquo;Art floral. \u00a0La salle du pesage d\u00e9cor\u00e9e avec go\u00fbt et passion\u00a0 par nos b\u00e9n\u00e9voles a accueilli les\u00a0 compositions florales de nos&hellip; <br \/><a class=\"read-more-button\" href=\"http:\/\/lesnaturiales-salvagny.fr\/blog\/index.php\/2025\/10\/16\/le-concours-dart-floral-2025\/\">Savoir plus<\/a><\/p>\n","protected":false},"author":1,"featured_media":0,"comment_status":"open","ping_status":"open","sticky":false,"template":"","format":"standard","meta":[],"categories":[5],"tags":[],"_links":{"self":[{"href":"http:\/\/lesnaturiales-salvagny.fr\/blog\/index.php\/wp-json\/wp\/v2\/posts\/6036"}],"collection":[{"href":"http:\/\/lesnaturiales-salvagny.fr\/blog\/index.php\/wp-json\/wp\/v2\/posts"}],"about":[{"href":"http:\/\/lesnaturiales-salvagny.fr\/blog\/index.php\/wp-json\/wp\/v2\/types\/post"}],"author":[{"embeddable":true,"href":"http:\/\/lesnaturiales-salvagny.fr\/blog\/index.php\/wp-json\/wp\/v2\/users\/1"}],"replies":[{"embeddable":true,"href":"http:\/\/lesnaturiales-salvagny.fr\/blog\/index.php\/wp-json\/wp\/v2\/comments?post=6036"}],"version-history":[{"count":32,"href":"http:\/\/lesnaturiales-salvagny.fr\/blog\/index.php\/wp-json\/wp\/v2\/posts\/6036\/revisions"}],"predecessor-version":[{"id":6178,"href":"http:\/\/lesnaturiales-salvagny.fr\/blog\/index.php\/wp-json\/wp\/v2\/posts\/6036\/revisions\/6178"}],"wp:attachment":[{"href":"http:\/\/lesnaturiales-salvagny.fr\/blog\/index.php\/wp-json\/wp\/v2\/media?parent=6036"}],"wp:term":[{"taxonomy":"category","embeddable":true,"href":"http:\/\/lesnaturiales-salvagny.fr\/blog\/index.php\/wp-json\/wp\/v2\/categories?post=6036"},{"taxonomy":"post_tag","embeddable":true,"href":"http:\/\/lesnaturiales-salvagny.fr\/blog\/index.php\/wp-json\/wp\/v2\/tags?post=6036"}],"curies":[{"name":"wp","href":"https:\/\/api.w.org\/{rel}","templated":true}]}}