{"id":596,"date":"2018-11-02T22:02:15","date_gmt":"2018-11-02T21:02:15","guid":{"rendered":"http:\/\/lesnaturiales-salvagny.fr\/blog\/?p=596"},"modified":"2018-11-02T22:03:58","modified_gmt":"2018-11-02T21:03:58","slug":"la-grande-fete-nature","status":"publish","type":"post","link":"http:\/\/lesnaturiales-salvagny.fr\/blog\/index.php\/2018\/11\/02\/la-grande-fete-nature\/","title":{"rendered":"La grande f\u00eate Nature 2018"},"content":{"rendered":"<p style=\"text-align: justify;\"><span style=\"font-family: times new roman, times, serif; font-size: 12pt;\">Le <strong>14 octobre<\/strong> Les Naturiales Tour de Salvagny organisait \u00ab\u00a0la grande f\u00eate Nature\u00a0\u00bb sur le th\u00e8me \u00a0:\u00a0\u00ab\u00a0le show des fruits et graines \u00e0 huile\u00bb.\u00a0<\/span><\/p>\n<p style=\"text-align: justify;\"><span style=\"font-family: times new roman, times, serif; font-size: 12pt;\">JOURN\u00c9E MEMORABLE: le grand vent nous a accompagn\u00e9s toute la journ\u00e9e mais les 133 exposants terroir, jardin, bien-\u00eatre et associations nous ont fait conna\u00eetre et appr\u00e9cier leurs marchandises, mais aussi fait partager leur passion.<\/span><\/p>\n<table>\n<tbody>\n<tr>\n<td>\u00a0<img loading=\"lazy\" class=\"\" src=\"http:\/\/lesnaturiales-salvagny.fr\/blog\/wp-content\/uploads\/2018\/11\/IMG_9798-10.jpg\" width=\"260\" height=\"140\" \/><\/td>\n<td>\u00a0<img loading=\"lazy\" class=\"\" src=\"http:\/\/lesnaturiales-salvagny.fr\/blog\/wp-content\/uploads\/2018\/11\/DSC_5453-10.jpg\" width=\"203\" height=\"139\" \/><\/td>\n<\/tr>\n<\/tbody>\n<\/table>\n<p style=\"text-align: justify;\"><span style=\"font-family: times new roman, times, serif; font-size: 12pt;\">Nous avons continu\u00e9 notre circuit, nos ch\u00e9rubins ont profit\u00e9 des ateliers de \u00ab\u00a0l\u2019\u00c9cureuil\u00a0\u00bb,\u00a0 du \u00ab\u00a0repas des oiseaux\u00a0\u00bb\u00a0.Ils ont aussi jou\u00e9 avec les jeux en bois mais les parents n\u2019\u00e9taient pas les derniers \u00e0 s\u2019amuser.<\/span><\/p>\n<table>\n<tbody>\n<tr>\n<td>\u00a0<img loading=\"lazy\" class=\"\" src=\"http:\/\/lesnaturiales-salvagny.fr\/blog\/wp-content\/uploads\/2018\/11\/IMG_9810-1.jpg\" width=\"182\" height=\"137\" \/><\/td>\n<td><img loading=\"lazy\" class=\"wp-image-606 aligncenter\" src=\"http:\/\/lesnaturiales-salvagny.fr\/blog\/wp-content\/uploads\/2018\/11\/Ecureuil-225x300.jpg\" alt=\"\" width=\"129\" height=\"172\" srcset=\"http:\/\/lesnaturiales-salvagny.fr\/blog\/wp-content\/uploads\/2018\/11\/Ecureuil-225x300.jpg 225w, http:\/\/lesnaturiales-salvagny.fr\/blog\/wp-content\/uploads\/2018\/11\/Ecureuil.jpg 255w\" sizes=\"(max-width: 129px) 100vw, 129px\" \/><\/td>\n<td>\u00a0<img loading=\"lazy\" class=\"\" src=\"http:\/\/lesnaturiales-salvagny.fr\/blog\/wp-content\/uploads\/2018\/11\/IMG_9818-1.jpg\" width=\"186\" height=\"139\" \/><\/td>\n<\/tr>\n<\/tbody>\n<\/table>\n<p style=\"text-align: justify;\"><span style=\"font-family: times new roman, times, serif; font-size: 12pt;\">\u00c0 l\u2019abri du vent, nous nous sommes attard\u00e9s dans la salle pour admirer\u00a0 les expositions florales, et\u00a0 participer au concours de peinture\u00a0en \u00e9lisant \u00ab\u00a0le Coup de C\u0153ur du Public\u00a0\u00bb.<\/span><\/p>\n<table style=\"height: 239px;\" width=\"540\">\n<tbody>\n<tr>\n<td style=\"text-align: center;\"><img loading=\"lazy\" class=\"aligncenter\" src=\"http:\/\/lesnaturiales-salvagny.fr\/blog\/wp-content\/uploads\/2018\/11\/IMG_9699.-1JPG.jpg\" width=\"152\" height=\"203\" \/>1er prix<\/td>\n<td style=\"text-align: center;\"><img loading=\"lazy\" class=\"aligncenter\" src=\"http:\/\/lesnaturiales-salvagny.fr\/blog\/wp-content\/uploads\/2018\/11\/IMG_9700-1.jpg\" width=\"155\" height=\"206\" \/>2eme prix<\/td>\n<td>\n<p style=\"text-align: center;\"><img loading=\"lazy\" class=\"aligncenter\" src=\"http:\/\/lesnaturiales-salvagny.fr\/blog\/wp-content\/uploads\/2018\/11\/IMG_9701-1.jpg\" alt=\"\" width=\"154\" height=\"205\" \/>3eme prix<\/p>\n<\/td>\n<\/tr>\n<\/tbody>\n<\/table>\n<p style=\"text-align: center;\"><img src=\"http:\/\/lesnaturiales-salvagny.fr\/blog\/wp-content\/uploads\/2018\/11\/Pano-Concours-peinture.jpg\" \/><\/p>\n<p style=\"text-align: justify;\"><span style=\"font-family: times new roman, times, serif; font-size: 12pt;\">Les maquettes repr\u00e9sentant notre village en L\u2019an Mil nous ont permis de retrouver Radolfus et Ingelberga, habitants de \u00ab Salvianacum\u00a0\u00bb\u00a0 \u00e0 cette \u00e9poque\u2026.. (Voir la Feuille de chou \u00e0 Moelle N\u00b0 6 du mois d\u2019octobre)\u2026&#8230;.<\/span><\/p>\n<p style=\"text-align: center;\"><img loading=\"lazy\" class=\"\" src=\"http:\/\/lesnaturiales-salvagny.fr\/blog\/wp-content\/uploads\/2018\/10\/Radolfus.jpg\" width=\"444\" height=\"348\" \/><\/p>\n<p style=\"text-align: justify;\"><span style=\"font-family: times new roman, times, serif; font-size: 12pt;\">Enfin, nous avons pu d\u00e9couvrir la transformation des noix en huile, gr\u00e2ce \u00e0 la d\u00e9monstration du moulin propos\u00e9e par le \u00ab\u00a0Mus\u00e9e de la Vie Rurale de St Quentin Fallavier\u00a0\u00bb<\/span><\/p>\n<p style=\"text-align: center;\"><img loading=\"lazy\" class=\"\" src=\"http:\/\/lesnaturiales-salvagny.fr\/blog\/wp-content\/uploads\/2018\/11\/IMG_0200.jpg\" width=\"431\" height=\"242\" \/><\/p>\n<p style=\"text-align: justify;\"><span style=\"font-family: times new roman, times, serif; font-size: 12pt;\">Une belle journ\u00e9e\u00a0!!!<\/span><\/p>\n","protected":false},"excerpt":{"rendered":"<p>Le 14 octobre Les Naturiales Tour de Salvagny organisait \u00ab\u00a0la grande f\u00eate Nature\u00a0\u00bb sur le th\u00e8me \u00a0:\u00a0\u00ab\u00a0le show des fruits et graines \u00e0 huile\u00bb.\u00a0 JOURN\u00c9E MEMORABLE: le grand vent nous a accompagn\u00e9s toute la journ\u00e9e mais les 133 exposants terroir,&hellip; <br \/><a class=\"read-more-button\" href=\"http:\/\/lesnaturiales-salvagny.fr\/blog\/index.php\/2018\/11\/02\/la-grande-fete-nature\/\">Savoir plus<\/a><\/p>\n","protected":false},"author":1,"featured_media":0,"comment_status":"open","ping_status":"open","sticky":false,"template":"","format":"standard","meta":[],"categories":[5],"tags":[],"_links":{"self":[{"href":"http:\/\/lesnaturiales-salvagny.fr\/blog\/index.php\/wp-json\/wp\/v2\/posts\/596"}],"collection":[{"href":"http:\/\/lesnaturiales-salvagny.fr\/blog\/index.php\/wp-json\/wp\/v2\/posts"}],"about":[{"href":"http:\/\/lesnaturiales-salvagny.fr\/blog\/index.php\/wp-json\/wp\/v2\/types\/post"}],"author":[{"embeddable":true,"href":"http:\/\/lesnaturiales-salvagny.fr\/blog\/index.php\/wp-json\/wp\/v2\/users\/1"}],"replies":[{"embeddable":true,"href":"http:\/\/lesnaturiales-salvagny.fr\/blog\/index.php\/wp-json\/wp\/v2\/comments?post=596"}],"version-history":[{"count":15,"href":"http:\/\/lesnaturiales-salvagny.fr\/blog\/index.php\/wp-json\/wp\/v2\/posts\/596\/revisions"}],"predecessor-version":[{"id":625,"href":"http:\/\/lesnaturiales-salvagny.fr\/blog\/index.php\/wp-json\/wp\/v2\/posts\/596\/revisions\/625"}],"wp:attachment":[{"href":"http:\/\/lesnaturiales-salvagny.fr\/blog\/index.php\/wp-json\/wp\/v2\/media?parent=596"}],"wp:term":[{"taxonomy":"category","embeddable":true,"href":"http:\/\/lesnaturiales-salvagny.fr\/blog\/index.php\/wp-json\/wp\/v2\/categories?post=596"},{"taxonomy":"post_tag","embeddable":true,"href":"http:\/\/lesnaturiales-salvagny.fr\/blog\/index.php\/wp-json\/wp\/v2\/tags?post=596"}],"curies":[{"name":"wp","href":"https:\/\/api.w.org\/{rel}","templated":true}]}}