{"id":543,"date":"2018-05-02T12:16:27","date_gmt":"2018-05-02T11:16:27","guid":{"rendered":"http:\/\/lesnaturiales-salvagny.fr\/blog\/?p=543"},"modified":"2018-05-02T12:16:27","modified_gmt":"2018-05-02T11:16:27","slug":"le-reveil-du-jardin-an-1000","status":"publish","type":"post","link":"http:\/\/lesnaturiales-salvagny.fr\/blog\/index.php\/2018\/05\/02\/le-reveil-du-jardin-an-1000\/","title":{"rendered":"Le r\u00e9veil du jardin an 1000"},"content":{"rendered":"<p style=\"text-align: justify;\"><span style=\"font-family: times\\ new\\ roman, times, serif; font-size: 14pt;\">Avril ! Ne te d\u00e9couvres pas d&rsquo;un fil! mais il fait si chaud que \u00ab\u00a0DAME-NATURE\u00a0\u00bb nous presse pour couvrir la fontaine, nettoyer les r\u00e9cup\u00e9rateurs d&rsquo;eau,repiquer les \u00ab\u00a0Doliques et les Pois Chiche\u00a0\u00bb,\u00a0 les Iris , les centaur\u00e9s, les pastels, les lilas sont en fleurs et bient\u00f4t nos merveilleux Lys blancs vont \u00e9clorent &#8230;.\u00a0 et maintenant attendons la pluie bienfaitrice &#8230;&#8230;.<\/span><\/p>\n<p style=\"text-align: center;\"><img loading=\"lazy\" class=\"alignnone size-medium wp-image-550\" src=\"http:\/\/lesnaturiales-salvagny.fr\/blog\/wp-content\/uploads\/2018\/05\/J-Avril-5-169x300.jpg\" alt=\"\" width=\"169\" height=\"300\" srcset=\"http:\/\/lesnaturiales-salvagny.fr\/blog\/wp-content\/uploads\/2018\/05\/J-Avril-5-169x300.jpg 169w, http:\/\/lesnaturiales-salvagny.fr\/blog\/wp-content\/uploads\/2018\/05\/J-Avril-5.jpg 227w\" sizes=\"(max-width: 169px) 100vw, 169px\" \/><img loading=\"lazy\" class=\"alignnone size-medium wp-image-549\" src=\"http:\/\/lesnaturiales-salvagny.fr\/blog\/wp-content\/uploads\/2018\/05\/J-Avril-4-169x300.jpg\" alt=\"\" width=\"169\" height=\"300\" srcset=\"http:\/\/lesnaturiales-salvagny.fr\/blog\/wp-content\/uploads\/2018\/05\/J-Avril-4-169x300.jpg 169w, http:\/\/lesnaturiales-salvagny.fr\/blog\/wp-content\/uploads\/2018\/05\/J-Avril-4.jpg 227w\" sizes=\"(max-width: 169px) 100vw, 169px\" \/><img loading=\"lazy\" class=\"alignnone size-medium wp-image-548\" src=\"http:\/\/lesnaturiales-salvagny.fr\/blog\/wp-content\/uploads\/2018\/05\/J-Avril-3-169x300.jpg\" alt=\"\" width=\"169\" height=\"300\" srcset=\"http:\/\/lesnaturiales-salvagny.fr\/blog\/wp-content\/uploads\/2018\/05\/J-Avril-3-169x300.jpg 169w, http:\/\/lesnaturiales-salvagny.fr\/blog\/wp-content\/uploads\/2018\/05\/J-Avril-3.jpg 227w\" sizes=\"(max-width: 169px) 100vw, 169px\" \/><\/p>\n<p><img loading=\"lazy\" class=\"alignnone wp-image-546\" src=\"http:\/\/lesnaturiales-salvagny.fr\/blog\/wp-content\/uploads\/2018\/05\/J-Avril-1-300x169.jpg\" alt=\"\" width=\"266\" height=\"150\" srcset=\"http:\/\/lesnaturiales-salvagny.fr\/blog\/wp-content\/uploads\/2018\/05\/J-Avril-1-300x169.jpg 300w, http:\/\/lesnaturiales-salvagny.fr\/blog\/wp-content\/uploads\/2018\/05\/J-Avril-1.jpg 510w\" sizes=\"(max-width: 266px) 100vw, 266px\" \/>\u00a0<img loading=\"lazy\" class=\" wp-image-547 alignright\" src=\"http:\/\/lesnaturiales-salvagny.fr\/blog\/wp-content\/uploads\/2018\/05\/J-Avril-2-300x169.jpg\" alt=\"\" width=\"267\" height=\"150\" srcset=\"http:\/\/lesnaturiales-salvagny.fr\/blog\/wp-content\/uploads\/2018\/05\/J-Avril-2-300x169.jpg 300w, http:\/\/lesnaturiales-salvagny.fr\/blog\/wp-content\/uploads\/2018\/05\/J-Avril-2.jpg 397w\" sizes=\"(max-width: 267px) 100vw, 267px\" \/><\/p>\n","protected":false},"excerpt":{"rendered":"<p>Avril ! Ne te d\u00e9couvres pas d&rsquo;un fil! mais il fait si chaud que \u00ab\u00a0DAME-NATURE\u00a0\u00bb nous presse pour couvrir la fontaine, nettoyer les r\u00e9cup\u00e9rateurs d&rsquo;eau,repiquer les \u00ab\u00a0Doliques et les Pois Chiche\u00a0\u00bb,\u00a0 les Iris , les centaur\u00e9s, les pastels, les lilas&hellip; <br \/><a class=\"read-more-button\" href=\"http:\/\/lesnaturiales-salvagny.fr\/blog\/index.php\/2018\/05\/02\/le-reveil-du-jardin-an-1000\/\">Savoir plus<\/a><\/p>\n","protected":false},"author":1,"featured_media":0,"comment_status":"open","ping_status":"open","sticky":false,"template":"","format":"standard","meta":[],"categories":[6],"tags":[],"_links":{"self":[{"href":"http:\/\/lesnaturiales-salvagny.fr\/blog\/index.php\/wp-json\/wp\/v2\/posts\/543"}],"collection":[{"href":"http:\/\/lesnaturiales-salvagny.fr\/blog\/index.php\/wp-json\/wp\/v2\/posts"}],"about":[{"href":"http:\/\/lesnaturiales-salvagny.fr\/blog\/index.php\/wp-json\/wp\/v2\/types\/post"}],"author":[{"embeddable":true,"href":"http:\/\/lesnaturiales-salvagny.fr\/blog\/index.php\/wp-json\/wp\/v2\/users\/1"}],"replies":[{"embeddable":true,"href":"http:\/\/lesnaturiales-salvagny.fr\/blog\/index.php\/wp-json\/wp\/v2\/comments?post=543"}],"version-history":[{"count":5,"href":"http:\/\/lesnaturiales-salvagny.fr\/blog\/index.php\/wp-json\/wp\/v2\/posts\/543\/revisions"}],"predecessor-version":[{"id":554,"href":"http:\/\/lesnaturiales-salvagny.fr\/blog\/index.php\/wp-json\/wp\/v2\/posts\/543\/revisions\/554"}],"wp:attachment":[{"href":"http:\/\/lesnaturiales-salvagny.fr\/blog\/index.php\/wp-json\/wp\/v2\/media?parent=543"}],"wp:term":[{"taxonomy":"category","embeddable":true,"href":"http:\/\/lesnaturiales-salvagny.fr\/blog\/index.php\/wp-json\/wp\/v2\/categories?post=543"},{"taxonomy":"post_tag","embeddable":true,"href":"http:\/\/lesnaturiales-salvagny.fr\/blog\/index.php\/wp-json\/wp\/v2\/tags?post=543"}],"curies":[{"name":"wp","href":"https:\/\/api.w.org\/{rel}","templated":true}]}}