{"id":526,"date":"2018-04-14T10:28:35","date_gmt":"2018-04-14T09:28:35","guid":{"rendered":"http:\/\/lesnaturiales-salvagny.fr\/blog\/?p=526"},"modified":"2021-01-27T12:12:58","modified_gmt":"2021-01-27T11:12:58","slug":"troc-truc-2018","status":"publish","type":"post","link":"http:\/\/lesnaturiales-salvagny.fr\/blog\/index.php\/2018\/04\/14\/troc-truc-2018\/","title":{"rendered":"Troc Truc 2018"},"content":{"rendered":"<p><span style=\"font-family: times\\ new\\ roman, times, serif; font-size: 12pt;\">Samedi 7 avril a eu lieu le Troc Truc 2018 \u00e0 La Tour de Salvagny.<\/span><\/p>\n<p><img loading=\"lazy\" class=\"alignnone size-medium wp-image-484 aligncenter\" src=\"http:\/\/lesnaturiales-salvagny.fr\/blog\/wp-content\/uploads\/2018\/03\/Logo-TrocTruc-300x130.jpg\" alt=\"\" width=\"300\" height=\"130\" srcset=\"http:\/\/lesnaturiales-salvagny.fr\/blog\/wp-content\/uploads\/2018\/03\/Logo-TrocTruc-300x130.jpg 300w, http:\/\/lesnaturiales-salvagny.fr\/blog\/wp-content\/uploads\/2018\/03\/Logo-TrocTruc.jpg 735w\" sizes=\"(max-width: 300px) 100vw, 300px\" \/><\/p>\n<p style=\"text-align: justify;\"><span style=\"font-family: times\\ new\\ roman, times, serif; font-size: 12pt;\">Le vent qui a souffl\u00e9 n&rsquo;a pas arr\u00eat\u00e9 nos b\u00e9n\u00e9voles adh\u00e9rents des \u00ab\u00a0Naturiales\u00a0\u00bb \u00e0 installer solidement les tentes et tables pour nos \u00ab\u00a0AMIS\u00a0 TROQUEURS\u00a0\u00bb de la Tour de Salvagny et des environs.<\/span><\/p>\n<p style=\"text-align: justify;\"><span style=\"font-size: 12pt;\"><span style=\"font-family: times\\ new\\ roman, times, serif;\">Sous la Halle, nombreux jardiniers confirm\u00e9s ou non ont cherch\u00e9 sur l&rsquo;\u00e9tal des plantes de L&rsquo;AN MIL telles : les consoudes, les bourraches, l&rsquo;hysope, la liv\u00e8che, etc&#8230; les petits semis de cardons, mais aussi les arbustes, les plantes-fleurs, etc&#8230;<\/span><\/span><\/p>\n<p style=\"text-align: justify;\"><span style=\"font-family: times\\ new\\ roman, times, serif; font-size: 12pt;\">Cette ann\u00e9e aussi : nous avons constat\u00e9 de grandes vari\u00e9t\u00e9s de graines dont certaines anciennes, r\u00e9colt\u00e9es par nos amis de la Terre, dans nos petits jardins de famille.<\/span><\/p>\n<p style=\"text-align: justify;\"><span style=\"font-size: 12pt;\"><span style=\"font-family: times\\ new\\ roman, times, serif;\">Ce qui permet de dire que les jardiniers-amateurs ou confirm\u00e9s reconnaissent que les plantes de nos jardins s&rsquo;ouvrent au printemps, vivent toute la saison d&rsquo;\u00e9t\u00e9, et l&rsquo;automne venant, c&rsquo;est le temps de la r\u00e9colte des graines qui deviendront la nourriture de la saison suivante&#8230;<\/span><\/span><\/p>\n<p style=\"text-align: justify;\"><span style=\"font-family: times\\ new\\ roman, times, serif; font-size: 12pt;\">Toutes et tous ont pris le temps de raconter leurs anecdotes de jardin, ont cherch\u00e9 un conseil, des \u00e9changes et ont partag\u00e9 leur exp\u00e9rience autour des tisanes de menthes, verveines, m\u00e9lisses accompagn\u00e9es de bonnes p\u00e2tisseries fabriqu\u00e9es par nos b\u00e9n\u00e9voles que nous remercions.<\/span><\/p>\n<p style=\"text-align: justify;\"><span style=\"font-family: times\\ new\\ roman, times, serif; font-size: 12pt;\">Arrive le temps du rangement, constat encore : toutes les plantes, graines etc&#8230; ont trouv\u00e9 un nouveau propri\u00e9taire-jardinier, et maintenant \u00e0 nous de planter, semer, conserver, \u00e9tiqueter pour pouvoir Redonner, Echanger et Partager l&rsquo;ann\u00e9e prochaine&#8230;<\/span><\/p>\n<p><img loading=\"lazy\" class=\"alignnone size-medium wp-image-534 aligncenter\" src=\"http:\/\/lesnaturiales-salvagny.fr\/blog\/wp-content\/uploads\/2018\/04\/10160-300x204.jpg\" alt=\"\" width=\"300\" height=\"204\" srcset=\"http:\/\/lesnaturiales-salvagny.fr\/blog\/wp-content\/uploads\/2018\/04\/10160-300x204.jpg 300w, http:\/\/lesnaturiales-salvagny.fr\/blog\/wp-content\/uploads\/2018\/04\/10160.jpg 397w\" sizes=\"(max-width: 300px) 100vw, 300px\" \/><\/p>\n<p style=\"text-align: justify;\"><span style=\"font-family: times\\ new\\ roman, times, serif; font-size: 12pt;\">Retrouvez-nous sur notre site : <a href=\"http:\/\/www.lesnaturiales-salvagny.fr\">les naturiales-salvagny.fr<\/a><\/span><\/p>\n","protected":false},"excerpt":{"rendered":"<p>Samedi 7 avril a eu lieu le Troc Truc 2018 \u00e0 La Tour de Salvagny. Le vent qui a souffl\u00e9 n&rsquo;a pas arr\u00eat\u00e9 nos b\u00e9n\u00e9voles adh\u00e9rents des \u00ab\u00a0Naturiales\u00a0\u00bb \u00e0 installer solidement les tentes et tables pour nos \u00ab\u00a0AMIS\u00a0 TROQUEURS\u00a0\u00bb de&hellip; <br \/><a class=\"read-more-button\" href=\"http:\/\/lesnaturiales-salvagny.fr\/blog\/index.php\/2018\/04\/14\/troc-truc-2018\/\">Savoir plus<\/a><\/p>\n","protected":false},"author":1,"featured_media":0,"comment_status":"open","ping_status":"open","sticky":false,"template":"","format":"standard","meta":[],"categories":[12],"tags":[],"_links":{"self":[{"href":"http:\/\/lesnaturiales-salvagny.fr\/blog\/index.php\/wp-json\/wp\/v2\/posts\/526"}],"collection":[{"href":"http:\/\/lesnaturiales-salvagny.fr\/blog\/index.php\/wp-json\/wp\/v2\/posts"}],"about":[{"href":"http:\/\/lesnaturiales-salvagny.fr\/blog\/index.php\/wp-json\/wp\/v2\/types\/post"}],"author":[{"embeddable":true,"href":"http:\/\/lesnaturiales-salvagny.fr\/blog\/index.php\/wp-json\/wp\/v2\/users\/1"}],"replies":[{"embeddable":true,"href":"http:\/\/lesnaturiales-salvagny.fr\/blog\/index.php\/wp-json\/wp\/v2\/comments?post=526"}],"version-history":[{"count":8,"href":"http:\/\/lesnaturiales-salvagny.fr\/blog\/index.php\/wp-json\/wp\/v2\/posts\/526\/revisions"}],"predecessor-version":[{"id":536,"href":"http:\/\/lesnaturiales-salvagny.fr\/blog\/index.php\/wp-json\/wp\/v2\/posts\/526\/revisions\/536"}],"wp:attachment":[{"href":"http:\/\/lesnaturiales-salvagny.fr\/blog\/index.php\/wp-json\/wp\/v2\/media?parent=526"}],"wp:term":[{"taxonomy":"category","embeddable":true,"href":"http:\/\/lesnaturiales-salvagny.fr\/blog\/index.php\/wp-json\/wp\/v2\/categories?post=526"},{"taxonomy":"post_tag","embeddable":true,"href":"http:\/\/lesnaturiales-salvagny.fr\/blog\/index.php\/wp-json\/wp\/v2\/tags?post=526"}],"curies":[{"name":"wp","href":"https:\/\/api.w.org\/{rel}","templated":true}]}}