{"id":1006,"date":"2020-02-12T22:03:24","date_gmt":"2020-02-12T21:03:24","guid":{"rendered":"http:\/\/lesnaturiales-salvagny.fr\/blog\/?p=1006"},"modified":"2022-04-11T13:35:29","modified_gmt":"2022-04-11T12:35:29","slug":"sortie-en-pays-charolais-brionnay","status":"publish","type":"post","link":"http:\/\/lesnaturiales-salvagny.fr\/blog\/index.php\/2020\/02\/12\/sortie-en-pays-charolais-brionnay\/","title":{"rendered":"Sortie en Pays Charolais Brionnay"},"content":{"rendered":"<p style=\"text-align: center;\"><span style=\"font-family: times new roman, times, serif; font-size: 12pt;\"><strong>S<span style=\"font-size: 14pt;\">ortie en Pays Charolais Brionnais \u00e0 Paray le Monial<\/span><br \/>\n<span style=\"font-size: 18pt;\">report\u00e9e en 2021<\/span><\/strong><br \/>\n<\/span><\/p>\n<p><span style=\"font-family: times new roman, times, serif; font-size: 12pt;\">Les Naturiales vous propose la visite insolite de Paray le Monial<\/span><\/p>\n<p><span style=\"font-family: times new roman, times, serif; font-size: 12pt;\">Le matin :<br \/>\nTout droit venu du pass\u00e9, notre guide nous fera remonter le temps.<br \/>\nAvec la visite de la Basilique du Sacr\u00e9 Coeur, du Cloitre et du quartier historique, la visite s&rsquo;ach\u00e8ve autour de sp\u00e9cialit\u00e9s locales.<br \/>\n<\/span><\/p>\n<p><img loading=\"lazy\" class=\"alignnone size-full wp-image-1014 aligncenter\" src=\"http:\/\/lesnaturiales-salvagny.fr\/blog\/wp-content\/uploads\/2020\/02\/Basilique.jpg\" alt=\"\" width=\"220\" height=\"286\"><\/p>\n<p><span style=\"font-family: times new roman, times, serif; font-size: 12pt;\">D\u00e9jeuner \u00e0 l&rsquo;Auberge de Digoine<\/span><\/p>\n<p><span style=\"font-family: times new roman, times, serif; font-size: 12pt;\">L&rsquo;apr\u00e8s midi :<\/span><br \/>\n<span style=\"font-family: times new roman, times, serif; font-size: 12pt;\">Visite guid\u00e9e de <strong>\u00ab\u00a0la Perle du Charolais\u00a0\u00bb<\/strong>, le ch\u00e2teau et ses jardins de Digoine.<\/span><\/p>\n<p><img loading=\"lazy\" class=\"alignnone size-medium wp-image-1016 aligncenter\" src=\"http:\/\/lesnaturiales-salvagny.fr\/blog\/wp-content\/uploads\/2020\/02\/Digoine-300x188.jpg\" alt=\"\" width=\"300\" height=\"188\" srcset=\"http:\/\/lesnaturiales-salvagny.fr\/blog\/wp-content\/uploads\/2020\/02\/Digoine-300x188.jpg 300w, http:\/\/lesnaturiales-salvagny.fr\/blog\/wp-content\/uploads\/2020\/02\/Digoine.jpg 553w\" sizes=\"(max-width: 300px) 100vw, 300px\" \/><\/p>\n<p>&nbsp;<\/p>\n","protected":false},"excerpt":{"rendered":"<p>Sortie en Pays Charolais Brionnais \u00e0 Paray le Monial report\u00e9e en 2021 Les Naturiales vous propose la visite insolite de Paray le Monial Le matin : Tout droit venu du pass\u00e9, notre guide nous fera remonter le temps. Avec la&hellip; <br \/><a class=\"read-more-button\" href=\"http:\/\/lesnaturiales-salvagny.fr\/blog\/index.php\/2020\/02\/12\/sortie-en-pays-charolais-brionnay\/\">Savoir plus<\/a><\/p>\n","protected":false},"author":1,"featured_media":0,"comment_status":"open","ping_status":"open","sticky":false,"template":"","format":"standard","meta":[],"categories":[19],"tags":[],"_links":{"self":[{"href":"http:\/\/lesnaturiales-salvagny.fr\/blog\/index.php\/wp-json\/wp\/v2\/posts\/1006"}],"collection":[{"href":"http:\/\/lesnaturiales-salvagny.fr\/blog\/index.php\/wp-json\/wp\/v2\/posts"}],"about":[{"href":"http:\/\/lesnaturiales-salvagny.fr\/blog\/index.php\/wp-json\/wp\/v2\/types\/post"}],"author":[{"embeddable":true,"href":"http:\/\/lesnaturiales-salvagny.fr\/blog\/index.php\/wp-json\/wp\/v2\/users\/1"}],"replies":[{"embeddable":true,"href":"http:\/\/lesnaturiales-salvagny.fr\/blog\/index.php\/wp-json\/wp\/v2\/comments?post=1006"}],"version-history":[{"count":21,"href":"http:\/\/lesnaturiales-salvagny.fr\/blog\/index.php\/wp-json\/wp\/v2\/posts\/1006\/revisions"}],"predecessor-version":[{"id":2722,"href":"http:\/\/lesnaturiales-salvagny.fr\/blog\/index.php\/wp-json\/wp\/v2\/posts\/1006\/revisions\/2722"}],"wp:attachment":[{"href":"http:\/\/lesnaturiales-salvagny.fr\/blog\/index.php\/wp-json\/wp\/v2\/media?parent=1006"}],"wp:term":[{"taxonomy":"category","embeddable":true,"href":"http:\/\/lesnaturiales-salvagny.fr\/blog\/index.php\/wp-json\/wp\/v2\/categories?post=1006"},{"taxonomy":"post_tag","embeddable":true,"href":"http:\/\/lesnaturiales-salvagny.fr\/blog\/index.php\/wp-json\/wp\/v2\/tags?post=1006"}],"curies":[{"name":"wp","href":"https:\/\/api.w.org\/{rel}","templated":true}]}}